{"id":21175,"date":"2014-06-27T13:06:26","date_gmt":"2014-06-27T18:06:26","guid":{"rendered":"http:\/\/www.ambiente.gob.ec\/?p=21175"},"modified":"2014-06-27T13:06:26","modified_gmt":"2014-06-27T18:06:26","slug":"direcciones-provinciales-del-ministerio-del-ambiente-se-capacitan-en-cambio-climatico","status":"publish","type":"post","link":"https:\/\/www.ambienteyenergia.gob.ec\/ambiente\/direcciones-provinciales-del-ministerio-del-ambiente-se-capacitan-en-cambio-climatico\/","title":{"rendered":"Direcciones Provinciales del Ministerio del Ambiente se capacitan en cambio clim\u00e1tico"},"content":{"rendered":"<p style=\"text-align: justify;\">El Gobierno de Ecuador tiene el compromiso de impulsar acciones para transversalizar el cambio clim\u00e1tico a nivel territorial y fortalecer capacidades para enfrentar esta problem\u00e1tica en concordancia con la Estrategia Nacional de Cambio Clim\u00e1tico. En este contexto, el Viceministerio del Ambiente en coordinaci\u00f3n con la Subsecretar\u00eda de Cambio Clim\u00e1tico capacit\u00f3 en la ciudad de Quito a los Directores Provinciales de \u00e9sta Cartera de Estado.<\/p>\n<p style=\"text-align: justify;\">\n<p style=\"text-align: justify;\">Durante dos d\u00edas, los directores de\u00a0Carchi, Imbabura, Pichincha, Esmeraldas, Cotopaxi, Santo\u00a0Domingo, Napo, Orellana, Sucumb\u00edos, Tungurahua\u00a0y Chimborazo participaron en el taller para reforzar\u00a0conceptos b\u00e1sicos de cambio clim\u00e1tico e identificar las principales causas e impactos de esta problem\u00e1tica. Asimismo, pudieron conocer el marco Normativo e Institucional de Cambio Clim\u00e1tico, los principales mecanismos de mitigaci\u00f3n, conceptos de adaptaci\u00f3n y adaptaci\u00f3n basada en ecosistemas, entre otros.<\/p>\n<p style=\"text-align: justify;\">\n<p style=\"text-align: justify;\">Luego de realizar un an\u00e1lisis grupal sobre las diferentes medidas de adaptaci\u00f3n que se desarrollan a nivel local los funcionarios conocieron los proyectos en territorio que desarrolla la Subsecretar\u00eda de Cambio Clim\u00e1tico como respuesta a esta problem\u00e1tica.<\/p>\n<p style=\"text-align: justify;\">\n<p style=\"text-align: justify;\">Se prev\u00e9 desarrollar nuevas jornadas de capacitaci\u00f3n dirigidas a todas las direcciones provinciales del pa\u00eds, para profundizar en conceptos de mitigaci\u00f3n del cambio clim\u00e1tico y pol\u00edtica internacional.<\/p>\n","protected":false},"excerpt":{"rendered":"<p class=\"excerpt\">El Gobierno de Ecuador tiene el compromiso de impulsar acciones para transversalizar el cambio clim\u00e1tico a nivel territorial y fortalecer capacidades para enfrentar esta problem\u00e1tica en concordancia con la Estrategia Nacional de Cambio Clim\u00e1tico. En este contexto, el Viceministerio del Ambiente en coordinaci\u00f3n con la Subsecretar\u00eda de Cambio Clim\u00e1tico capacit\u00f3 en la ciudad de Quito a los Directores Provinciales de&hellip; <a href=\"https:\/\/www.ambienteyenergia.gob.ec\/ambiente\/direcciones-provinciales-del-ministerio-del-ambiente-se-capacitan-en-cambio-climatico\/\">Read more &rarr;<\/a><\/p>\n","protected":false},"author":13,"featured_media":21176,"comment_status":"open","ping_status":"open","sticky":false,"template":"","format":"standard","meta":{"footnotes":""},"categories":[16,4],"tags":[],"class_list":["post-21175","post","type-post","status-publish","format-standard","has-post-thumbnail","hentry","category-comunicamos","category-noticias","xfolkentry"],"_links":{"self":[{"href":"https:\/\/www.ambienteyenergia.gob.ec\/ambiente\/wp-json\/wp\/v2\/posts\/21175","targetHints":{"allow":["GET"]}}],"collection":[{"href":"https:\/\/www.ambienteyenergia.gob.ec\/ambiente\/wp-json\/wp\/v2\/posts"}],"about":[{"href":"https:\/\/www.ambienteyenergia.gob.ec\/ambiente\/wp-json\/wp\/v2\/types\/post"}],"author":[{"embeddable":true,"href":"https:\/\/www.ambienteyenergia.gob.ec\/ambiente\/wp-json\/wp\/v2\/users\/13"}],"replies":[{"embeddable":true,"href":"https:\/\/www.ambienteyenergia.gob.ec\/ambiente\/wp-json\/wp\/v2\/comments?post=21175"}],"version-history":[{"count":0,"href":"https:\/\/www.ambienteyenergia.gob.ec\/ambiente\/wp-json\/wp\/v2\/posts\/21175\/revisions"}],"wp:featuredmedia":[{"embeddable":true,"href":"https:\/\/www.ambienteyenergia.gob.ec\/ambiente\/wp-json\/wp\/v2\/media\/21176"}],"wp:attachment":[{"href":"https:\/\/www.ambienteyenergia.gob.ec\/ambiente\/wp-json\/wp\/v2\/media?parent=21175"}],"wp:term":[{"taxonomy":"category","embeddable":true,"href":"https:\/\/www.ambienteyenergia.gob.ec\/ambiente\/wp-json\/wp\/v2\/categories?post=21175"},{"taxonomy":"post_tag","embeddable":true,"href":"https:\/\/www.ambienteyenergia.gob.ec\/ambiente\/wp-json\/wp\/v2\/tags?post=21175"}],"curies":[{"name":"wp","href":"https:\/\/api.w.org\/{rel}","templated":true}]}}