{"id":21172,"date":"2014-06-27T13:02:34","date_gmt":"2014-06-27T18:02:34","guid":{"rendered":"http:\/\/www.ambiente.gob.ec\/?p=21172"},"modified":"2014-06-27T13:02:34","modified_gmt":"2014-06-27T18:02:34","slug":"el-pais-de-la-biodiversidad-ecuador-una-obra-que-constituye-una-fuente-de-consulta-escolar-para-ninos-y-jovenes","status":"publish","type":"post","link":"https:\/\/www.ambienteyenergia.gob.ec\/ambiente\/el-pais-de-la-biodiversidad-ecuador-una-obra-que-constituye-una-fuente-de-consulta-escolar-para-ninos-y-jovenes\/","title":{"rendered":"&#8216;El Pa\u00eds de la Biodiversidad: Ecuador&#8217;, una obra que constituye una fuente de consulta escolar para ni\u00f1os y j\u00f3venes"},"content":{"rendered":"<p style=\"text-align: justify;\">Acompa\u00f1ados de la m\u00fasica y pintura del grupo \u201cHuellas de Madera\u201d, la noche de este 26 de junio, el Ministerio del Ambiente conjuntamente con la Fundaci\u00f3n Bot\u00e1nica de los Andes y la Fundaci\u00f3n EcoFondo, realiz\u00f3 el lanzamiento del libro \u201cEl Pa\u00eds de la Biodiversidad: Ecuador\u201d, una obra que contiene una gran variedad de informaci\u00f3n actualizada sobre procesos evolutivos y ecol\u00f3gicos, que han hecho que el Ecuador sea considerado el pa\u00eds con mayor diversidad del mundo en relaci\u00f3n con su superficie.<\/p>\n<p style=\"text-align: justify;\">La presentaci\u00f3n que se llev\u00f3 a cabo en el Jard\u00edn Bot\u00e1nico de Quito desde las 19:00, congreg\u00f3 al menos un centenar de personas que entusiasmadas esperaban tener un ejemplar en sus manos para conocer con gran expectativa temas tan amplios como la biodiversidad y los ecosistemas del Ecuador.<\/p>\n<p style=\"text-align: justify;\">La Ministra del Ambiente (e), Lorena S\u00e1nchez, \u00a0destac\u00f3 el compromiso y el gran reto que tiene esta Cartera de Estado en la defensa de los Derechos de la Naturaleza, as\u00ed como en la protecci\u00f3n y preservaci\u00f3n de la diversidad natural de nuestro pa\u00eds. El libro hace un recorrido por los elementos b\u00e1sicos del conocimiento sobre nuestra biodiversidad, los ecosistemas y las especies de flora y fauna que posee el pa\u00eds. \u201cEsta obra busca crear en las nuevas generaciones una conciencia colectiva que sienta el compromiso y la importancia del cuidado ambiental en el Ecuador\u201d, manifest\u00f3.<\/p>\n<p style=\"text-align: justify;\">Por su parte, Mario Garc\u00eda Saltos, mentor del proyecto y coautor del libro recalc\u00f3 la valiosa participaci\u00f3n de varios cient\u00edficos ecuatorianos y extranjeros que aportaron sus conocimientos para que esta obra sea una fuente de consulta oficial para ni\u00f1os y j\u00f3venes de toda la\u00a0 regi\u00f3n.<\/p>\n<p style=\"text-align: justify;\">El documento que contiene casi 1 000 fotograf\u00edas y 100 ilustraciones, as\u00ed como gr\u00e1ficas, mapas y recuadros, ha sido concebido con bases pedag\u00f3gicas que brindan a los profesores una gu\u00eda excepcional para que puedan conocer junto con sus estudiantes sobre los ecosistemas y la diversidad natural que hace del Ecuador uno de los pa\u00edses m\u00e1s megadiversos del mundo.<\/p>\n<p style=\"text-align: justify;\">\n","protected":false},"excerpt":{"rendered":"<p class=\"excerpt\">Acompa\u00f1ados de la m\u00fasica y pintura del grupo \u201cHuellas de Madera\u201d, la noche de este 26 de junio, el Ministerio del Ambiente conjuntamente con la Fundaci\u00f3n Bot\u00e1nica de los Andes y la Fundaci\u00f3n EcoFondo, realiz\u00f3 el lanzamiento del libro \u201cEl Pa\u00eds de la Biodiversidad: Ecuador\u201d, una obra que contiene una gran variedad de informaci\u00f3n actualizada sobre procesos evolutivos y ecol\u00f3gicos,&hellip; <a href=\"https:\/\/www.ambienteyenergia.gob.ec\/ambiente\/el-pais-de-la-biodiversidad-ecuador-una-obra-que-constituye-una-fuente-de-consulta-escolar-para-ninos-y-jovenes\/\">Read more &rarr;<\/a><\/p>\n","protected":false},"author":13,"featured_media":21173,"comment_status":"open","ping_status":"open","sticky":false,"template":"","format":"standard","meta":{"footnotes":""},"categories":[16,4],"tags":[],"class_list":["post-21172","post","type-post","status-publish","format-standard","has-post-thumbnail","hentry","category-comunicamos","category-noticias","xfolkentry"],"_links":{"self":[{"href":"https:\/\/www.ambienteyenergia.gob.ec\/ambiente\/wp-json\/wp\/v2\/posts\/21172","targetHints":{"allow":["GET"]}}],"collection":[{"href":"https:\/\/www.ambienteyenergia.gob.ec\/ambiente\/wp-json\/wp\/v2\/posts"}],"about":[{"href":"https:\/\/www.ambienteyenergia.gob.ec\/ambiente\/wp-json\/wp\/v2\/types\/post"}],"author":[{"embeddable":true,"href":"https:\/\/www.ambienteyenergia.gob.ec\/ambiente\/wp-json\/wp\/v2\/users\/13"}],"replies":[{"embeddable":true,"href":"https:\/\/www.ambienteyenergia.gob.ec\/ambiente\/wp-json\/wp\/v2\/comments?post=21172"}],"version-history":[{"count":0,"href":"https:\/\/www.ambienteyenergia.gob.ec\/ambiente\/wp-json\/wp\/v2\/posts\/21172\/revisions"}],"wp:featuredmedia":[{"embeddable":true,"href":"https:\/\/www.ambienteyenergia.gob.ec\/ambiente\/wp-json\/wp\/v2\/media\/21173"}],"wp:attachment":[{"href":"https:\/\/www.ambienteyenergia.gob.ec\/ambiente\/wp-json\/wp\/v2\/media?parent=21172"}],"wp:term":[{"taxonomy":"category","embeddable":true,"href":"https:\/\/www.ambienteyenergia.gob.ec\/ambiente\/wp-json\/wp\/v2\/categories?post=21172"},{"taxonomy":"post_tag","embeddable":true,"href":"https:\/\/www.ambienteyenergia.gob.ec\/ambiente\/wp-json\/wp\/v2\/tags?post=21172"}],"curies":[{"name":"wp","href":"https:\/\/api.w.org\/{rel}","templated":true}]}}