{"id":21166,"date":"2014-06-27T09:37:53","date_gmt":"2014-06-27T14:37:53","guid":{"rendered":"http:\/\/www.ambiente.gob.ec\/?p=21166"},"modified":"2014-06-27T09:37:53","modified_gmt":"2014-06-27T14:37:53","slug":"mae-capacito-a-funcionarios-de-varias-instituciones-publicas-en-la-construccion-de-una-linea-base-estandarizada-para-el-sector-transporte","status":"publish","type":"post","link":"https:\/\/www.ambienteyenergia.gob.ec\/ambiente\/mae-capacito-a-funcionarios-de-varias-instituciones-publicas-en-la-construccion-de-una-linea-base-estandarizada-para-el-sector-transporte\/","title":{"rendered":"MAE capacit\u00f3 a funcionarios de varias instituciones p\u00fablicas en la construcci\u00f3n de una L\u00ednea Base Estandarizada para el Sector Transporte"},"content":{"rendered":"<p style=\"text-align: justify;\">Con el apoyo del Centro Regional de Colaboraci\u00f3n (CRC) para el Mecanismo de Desarrollo Limpio (MDL) de la Convenci\u00f3n Marco de las Naciones Unidas sobre el Cambio Clim\u00e1tico (CMNUCC) y CAF (Banco de Desarrollo para Am\u00e9rica Latina), el Ministerio del Ambiente (MAE), a trav\u00e9s de la Subsecretar\u00eda de Cambio Clim\u00e1tico capacit\u00f3 a funcionarios de varias instituciones p\u00fablicas en el uso de la metodolog\u00eda aprobada por la Junta Ejecutiva MDL para el establecimiento de una l\u00ednea base estandarizada para el sector transporte.<\/p>\n<p style=\"text-align: justify;\">\n<p style=\"text-align: justify;\">Ecuador, ha dirigido sus acciones a favor de la lucha contra el cambio clim\u00e1tico, incursionado principalmente a trav\u00e9s del Mecanismo para un Desarrollo Limpio (MDL). Es as\u00ed que hasta el momento existen 31 proyectos MDL desarrollados a nivel nacional. Sin embargo, debido a la creaci\u00f3n de nuevos mecanismos de mitigaci\u00f3n, como NAMA (Acciones Nacionales Apropiadas de Mitigaci\u00f3n), actualmente las experiencias positivas de este proyecto y las herramientas generadas para su implementaci\u00f3n est\u00e1n siendo utilizadas para la formulaci\u00f3n de nuevas iniciativas que permitan aprovechar las oportunidades que los escenarios actuales presentan.<\/p>\n<p style=\"text-align: justify;\">\n<p style=\"text-align: justify;\">El MAE propici\u00f3 este espacio con el objetivo de efectivizar el accionar en el sector transporte constituy\u00e9ndose en el primer paso hacia el c\u00e1lculo del factor de emisiones como l\u00ednea de base estandarizada, que permitir\u00e1 identificar las emisiones de gases de efecto invernadero que tiene actualmente el sector y a partir del cual se podr\u00e1n plantear alternativas para mitigarlas.<\/p>\n<p style=\"text-align: justify;\">\n<p style=\"text-align: justify;\">Aunque el principal objetivo es fortalecer, facilitar e incentivar la realizaci\u00f3n de proyectos MDL en el pa\u00eds, tambi\u00e9n se espera motivar el desarrollo de nuevas propuestas de acciones de mitigaci\u00f3n que promuevan la disminuci\u00f3n del uso e importaci\u00f3n de combustibles f\u00f3siles, el ahorro de subsidios, la disminuci\u00f3n de gases de efecto invernadero y la implementaci\u00f3n de procesos de desarrollo sostenible en el pa\u00eds como forma de aportar al cambio de Matriz Energ\u00e9tica.<\/p>\n<p style=\"text-align: justify;\">\n<p style=\"text-align: justify;\"><b>Instituciones Participantes:<\/b><\/p>\n<p style=\"text-align: justify;\">Ministerio del Ambiente (MAE), Banco de Desarrollo para Am\u00e9rica Latina (CAF), Centro Regional de Colaboraci\u00f3n\/CMNUCC, Instituto Nacional de Eficiencia Energ\u00e9tica y Energ\u00edas Renovables (INER), Ministerio de Transporte y Obras P\u00fablicas (MTOP), Instituto Nacional de Estad\u00edstica y Censos (INEC), Servicio de Rentas Internas (SRI), Agencia Nacional de Tr\u00e1nsito (ANT), Instituto Ecuatoriano de Normalizaci\u00f3n (INEN), y Municipios de Quito, Cuenca y Guayaquil.<\/p>\n<p style=\"text-align: justify;\">\n<p style=\"text-align: justify;\"><strong>El dato<\/strong><\/p>\n<p style=\"text-align: justify;\">Las l\u00edneas de base estandarizadas pueden usarse para la construcci\u00f3n de sistemas de monitoreo, reporte y verificaci\u00f3n (MRV), a partir de la definici\u00f3n<br \/>\nde factores de emisi\u00f3n de gases de efecto invernadero (GEI) para estimar las emisiones de l\u00ednea base de un sector priorizado.<\/p>\n<p style=\"text-align: justify;\">\n","protected":false},"excerpt":{"rendered":"<p class=\"excerpt\">Con el apoyo del Centro Regional de Colaboraci\u00f3n (CRC) para el Mecanismo de Desarrollo Limpio (MDL) de la Convenci\u00f3n Marco de las Naciones Unidas sobre el Cambio Clim\u00e1tico (CMNUCC) y CAF (Banco de Desarrollo para Am\u00e9rica Latina), el Ministerio del Ambiente (MAE), a trav\u00e9s de la Subsecretar\u00eda de Cambio Clim\u00e1tico capacit\u00f3 a funcionarios de varias instituciones p\u00fablicas en el uso&hellip; <a href=\"https:\/\/www.ambienteyenergia.gob.ec\/ambiente\/mae-capacito-a-funcionarios-de-varias-instituciones-publicas-en-la-construccion-de-una-linea-base-estandarizada-para-el-sector-transporte\/\">Read more &rarr;<\/a><\/p>\n","protected":false},"author":13,"featured_media":21167,"comment_status":"open","ping_status":"open","sticky":false,"template":"","format":"standard","meta":{"footnotes":""},"categories":[16,4],"tags":[],"class_list":["post-21166","post","type-post","status-publish","format-standard","has-post-thumbnail","hentry","category-comunicamos","category-noticias","xfolkentry"],"_links":{"self":[{"href":"https:\/\/www.ambienteyenergia.gob.ec\/ambiente\/wp-json\/wp\/v2\/posts\/21166","targetHints":{"allow":["GET"]}}],"collection":[{"href":"https:\/\/www.ambienteyenergia.gob.ec\/ambiente\/wp-json\/wp\/v2\/posts"}],"about":[{"href":"https:\/\/www.ambienteyenergia.gob.ec\/ambiente\/wp-json\/wp\/v2\/types\/post"}],"author":[{"embeddable":true,"href":"https:\/\/www.ambienteyenergia.gob.ec\/ambiente\/wp-json\/wp\/v2\/users\/13"}],"replies":[{"embeddable":true,"href":"https:\/\/www.ambienteyenergia.gob.ec\/ambiente\/wp-json\/wp\/v2\/comments?post=21166"}],"version-history":[{"count":0,"href":"https:\/\/www.ambienteyenergia.gob.ec\/ambiente\/wp-json\/wp\/v2\/posts\/21166\/revisions"}],"wp:featuredmedia":[{"embeddable":true,"href":"https:\/\/www.ambienteyenergia.gob.ec\/ambiente\/wp-json\/wp\/v2\/media\/21167"}],"wp:attachment":[{"href":"https:\/\/www.ambienteyenergia.gob.ec\/ambiente\/wp-json\/wp\/v2\/media?parent=21166"}],"wp:term":[{"taxonomy":"category","embeddable":true,"href":"https:\/\/www.ambienteyenergia.gob.ec\/ambiente\/wp-json\/wp\/v2\/categories?post=21166"},{"taxonomy":"post_tag","embeddable":true,"href":"https:\/\/www.ambienteyenergia.gob.ec\/ambiente\/wp-json\/wp\/v2\/tags?post=21166"}],"curies":[{"name":"wp","href":"https:\/\/api.w.org\/{rel}","templated":true}]}}