{"id":21163,"date":"2014-06-27T09:35:10","date_gmt":"2014-06-27T14:35:10","guid":{"rendered":"http:\/\/www.ambiente.gob.ec\/?p=21163"},"modified":"2014-06-27T10:04:58","modified_gmt":"2014-06-27T15:04:58","slug":"mae-socializo-temas-ambientales-con-autoridades-cantonales-y-parroquiales","status":"publish","type":"post","link":"https:\/\/www.ambienteyenergia.gob.ec\/ambiente\/mae-socializo-temas-ambientales-con-autoridades-cantonales-y-parroquiales\/","title":{"rendered":"MAE socializ\u00f3 temas ambientales con autoridades cantonales y parroquiales"},"content":{"rendered":"<p style=\"text-align: justify;\">Alcaldes, Presidentes de las Juntas Parroquiales y Jefes Pol\u00edticos de la provincia, \u00a0 asistieron a las jornadas de capacitaci\u00f3n en materia de Control y Fiscalizaci\u00f3n Ambiental que realiz\u00f3 la Coordinaci\u00f3n Zonal 4 del Ministerio del Ambiente (MAE), en el sal\u00f3n principal de la Gobernaci\u00f3n de Manab\u00ed.<\/p>\n<p style=\"text-align: justify;\">Funcionarios de esta Secretar\u00eda de Estado socializaron sobre los planes y proyectos ambientales que se llevan a cabo a nivel nacional, adem\u00e1s impartieron informaci\u00f3n de los lineamientos sobre licenciamiento ambiental en procesos de producci\u00f3n y servicios en las provincias que integran la Zona 4.<\/p>\n<p style=\"text-align: justify;\">Por otro lado se brind\u00f3 informaci\u00f3n en temas de Calidad Ambiental, Biodiversidad, Jur\u00eddico y programas a fines, con el objetivo de capacitar sobre las estructuras de procesos que lleva a cabo la autoridad ambiental en la zona.<\/p>\n<p style=\"text-align: justify;\">En su intervenci\u00f3n, \u00c1ngelo Traverso, Director Provincial de Manab\u00ed, indic\u00f3 que desde el organismo provincial ha iniciado un plan de capacitaci\u00f3n en las \u00e1reas t\u00e9cnicas de los municipios, a\u00a0 fin de brindar herramientas de gesti\u00f3n ambiental.<\/p>\n<p style=\"text-align: justify;\">\u201cPara el organismo provincial es una oportunidad muy importante tener esta capacitaci\u00f3n y contar con este programa y con t\u00e9cnicos porque entendemos que es fundamental ir fortaleciendo las capacidades, incorporando nuevos saberes, vinculados al gran desaf\u00edo que significa asegurar la sustentabilidad ambiental y la calidad de vida de los habitantes\u201d enfatiz\u00f3 Traverso.<\/p>\n<p style=\"text-align: justify;\">Antes de finalizar el taller, t\u00e9cnicos del MAE indicaron a los representantes de los GAD Parroquiales que dentro del plan de manejo ambiental, se tiene previsto realizar la reforestaci\u00f3n de 500 mil hect\u00e1reas a nivel nacional con especies end\u00e9micas de cada zona a reforestar, en el marco del programa de restauraci\u00f3n forestal con fines de protecci\u00f3n y conservaci\u00f3n ambiental.<\/p>\n","protected":false},"excerpt":{"rendered":"<p class=\"excerpt\">Alcaldes, Presidentes de las Juntas Parroquiales y Jefes Pol\u00edticos de la provincia, \u00a0 asistieron a las jornadas de capacitaci\u00f3n en materia de Control y Fiscalizaci\u00f3n Ambiental que realiz\u00f3 la Coordinaci\u00f3n Zonal 4 del Ministerio del Ambiente (MAE), en el sal\u00f3n principal de la Gobernaci\u00f3n de Manab\u00ed. Funcionarios de esta Secretar\u00eda de Estado socializaron sobre los planes y proyectos ambientales que&hellip; <a href=\"https:\/\/www.ambienteyenergia.gob.ec\/ambiente\/mae-socializo-temas-ambientales-con-autoridades-cantonales-y-parroquiales\/\">Read more &rarr;<\/a><\/p>\n","protected":false},"author":13,"featured_media":21164,"comment_status":"open","ping_status":"open","sticky":false,"template":"","format":"standard","meta":{"footnotes":""},"categories":[16,4],"tags":[],"class_list":["post-21163","post","type-post","status-publish","format-standard","has-post-thumbnail","hentry","category-comunicamos","category-noticias","xfolkentry"],"_links":{"self":[{"href":"https:\/\/www.ambienteyenergia.gob.ec\/ambiente\/wp-json\/wp\/v2\/posts\/21163","targetHints":{"allow":["GET"]}}],"collection":[{"href":"https:\/\/www.ambienteyenergia.gob.ec\/ambiente\/wp-json\/wp\/v2\/posts"}],"about":[{"href":"https:\/\/www.ambienteyenergia.gob.ec\/ambiente\/wp-json\/wp\/v2\/types\/post"}],"author":[{"embeddable":true,"href":"https:\/\/www.ambienteyenergia.gob.ec\/ambiente\/wp-json\/wp\/v2\/users\/13"}],"replies":[{"embeddable":true,"href":"https:\/\/www.ambienteyenergia.gob.ec\/ambiente\/wp-json\/wp\/v2\/comments?post=21163"}],"version-history":[{"count":0,"href":"https:\/\/www.ambienteyenergia.gob.ec\/ambiente\/wp-json\/wp\/v2\/posts\/21163\/revisions"}],"wp:featuredmedia":[{"embeddable":true,"href":"https:\/\/www.ambienteyenergia.gob.ec\/ambiente\/wp-json\/wp\/v2\/media\/21164"}],"wp:attachment":[{"href":"https:\/\/www.ambienteyenergia.gob.ec\/ambiente\/wp-json\/wp\/v2\/media?parent=21163"}],"wp:term":[{"taxonomy":"category","embeddable":true,"href":"https:\/\/www.ambienteyenergia.gob.ec\/ambiente\/wp-json\/wp\/v2\/categories?post=21163"},{"taxonomy":"post_tag","embeddable":true,"href":"https:\/\/www.ambienteyenergia.gob.ec\/ambiente\/wp-json\/wp\/v2\/tags?post=21163"}],"curies":[{"name":"wp","href":"https:\/\/api.w.org\/{rel}","templated":true}]}}