{"id":21159,"date":"2014-06-26T17:28:56","date_gmt":"2014-06-26T22:28:56","guid":{"rendered":"http:\/\/www.ambiente.gob.ec\/?p=21159"},"modified":"2014-06-26T17:28:56","modified_gmt":"2014-06-26T22:28:56","slug":"kenay-se-recupera-exitosamente-despues-de-su-intervencion-quirurgica","status":"publish","type":"post","link":"https:\/\/www.ambienteyenergia.gob.ec\/ambiente\/kenay-se-recupera-exitosamente-despues-de-su-intervencion-quirurgica\/","title":{"rendered":"Kenay se recupera exitosamente despu\u00e9s de su intervenci\u00f3n quir\u00fargica"},"content":{"rendered":"<p style=\"text-align: justify;\" align=\"JUSTIFY\">Kenay, el Oso de Anteojos (<i>Tremarctos ornatus<\/i>) que permanece en el centro de manejo de fauna silvestre Ecozool\u00f3gico San Mart\u00edn, de la ciudad de Ba\u00f1os de Agua Santa, por alrededor de tres a\u00f1os fue intervenido quir\u00fargicamente por los doctores veterinarios Manuel N\u00fa\u00f1ez y Diego Medina, con el fin de precautelar si salud.<\/p>\n<p style=\"text-align: justify;\" align=\"JUSTIFY\">T\u00e9cnicos del Ministerio del Ambiente (MAE) conjuntamente con Orlando Vega, manejador de fauna silvestre de este centro, y varios m\u00e9dicos veterinarios ecuatorianos, decidieron en Junta M\u00e9dica realizar una intervenci\u00f3n quir\u00fargica a Kenay, esto debido a la preocupados de los expertos al determinar que la presencia de lesiones en la piel provocaban molestias constantes, abultamientos y ca\u00edda del pelaje, a pesar de los varios tratamientos aplicados sobre la piel afectada.<\/p>\n<p style=\"text-align: justify;\" align=\"JUSTIFY\">M\u00e9dicos veterinarios de la Universidad San Francisco, junto con especialistas de Centros de Manejo de Fauna Silvestre y t\u00e9cnicos del MAE, procedieron a realizar el procedimiento quir\u00fargica al oso de anteojos el pasado 21 de junio. Este actividad se la realiz\u00f3 en el quir\u00f3fano del Ecozool\u00f3gico San Martir, que contaba con las condiciones necesarias para proceder con la limpieza del \u00e1rea afectada del esp\u00e9cimen de vida silvestre.<\/p>\n<p style=\"text-align: justify;\" align=\"JUSTIFY\">Seg\u00fan consta en el informe m\u00e9dico, la intervenci\u00f3n consisti\u00f3 en la remoci\u00f3n quir\u00fargica de masa localizada en piel con unos 48cm de longitud por 20cm de ancho, con lesiones sat\u00e9lites (p\u00e1pulas) que fueron retiradas en su totalidad seg\u00fan las recomendaciones quir\u00fargicas de oncolog\u00eda, esta cirug\u00eda tuvo una duraci\u00f3n de tres horas y media.<\/p>\n<p style=\"text-align: justify;\" align=\"JUSTIFY\">Funcionarios de la Direcci\u00f3n Provincial del Ambiente de Tungurahua, encargados de vida silvestre realizan conjuntamente con los veterinarios del centro de manejo el monitoreo permanentemente al oso Kenay, despu\u00e9s de la cirug\u00eda.<\/p>\n<p style=\"text-align: justify;\" align=\"JUSTIFY\">A la fecha el ejemplar se recupera exitosamente en una zona de aislamiento, recibe alimentaci\u00f3n adecuada y cheque veterinario a diario.<\/p>\n<p style=\"text-align: justify;\" align=\"JUSTIFY\">Esta Secretar\u00eda de Estado expresa el reconocimiento a todos los m\u00e9dicos veterinarios y personal que particip\u00f3 en esta cirug\u00eda, lo que demuestra el gran compromiso y profesionalismo con la conservaci\u00f3n de nuestra fauna silvestre.<\/p>\n","protected":false},"excerpt":{"rendered":"<p class=\"excerpt\">Kenay, el Oso de Anteojos (Tremarctos ornatus) que permanece en el centro de manejo de fauna silvestre Ecozool\u00f3gico San Mart\u00edn, de la ciudad de Ba\u00f1os de Agua Santa, por alrededor de tres a\u00f1os fue intervenido quir\u00fargicamente por los doctores veterinarios Manuel N\u00fa\u00f1ez y Diego Medina, con el fin de precautelar si salud. T\u00e9cnicos del Ministerio del Ambiente (MAE) conjuntamente con&hellip; <a href=\"https:\/\/www.ambienteyenergia.gob.ec\/ambiente\/kenay-se-recupera-exitosamente-despues-de-su-intervencion-quirurgica\/\">Read more &rarr;<\/a><\/p>\n","protected":false},"author":13,"featured_media":21160,"comment_status":"open","ping_status":"open","sticky":false,"template":"","format":"standard","meta":{"footnotes":""},"categories":[16,4],"tags":[],"class_list":["post-21159","post","type-post","status-publish","format-standard","has-post-thumbnail","hentry","category-comunicamos","category-noticias","xfolkentry"],"_links":{"self":[{"href":"https:\/\/www.ambienteyenergia.gob.ec\/ambiente\/wp-json\/wp\/v2\/posts\/21159","targetHints":{"allow":["GET"]}}],"collection":[{"href":"https:\/\/www.ambienteyenergia.gob.ec\/ambiente\/wp-json\/wp\/v2\/posts"}],"about":[{"href":"https:\/\/www.ambienteyenergia.gob.ec\/ambiente\/wp-json\/wp\/v2\/types\/post"}],"author":[{"embeddable":true,"href":"https:\/\/www.ambienteyenergia.gob.ec\/ambiente\/wp-json\/wp\/v2\/users\/13"}],"replies":[{"embeddable":true,"href":"https:\/\/www.ambienteyenergia.gob.ec\/ambiente\/wp-json\/wp\/v2\/comments?post=21159"}],"version-history":[{"count":0,"href":"https:\/\/www.ambienteyenergia.gob.ec\/ambiente\/wp-json\/wp\/v2\/posts\/21159\/revisions"}],"wp:featuredmedia":[{"embeddable":true,"href":"https:\/\/www.ambienteyenergia.gob.ec\/ambiente\/wp-json\/wp\/v2\/media\/21160"}],"wp:attachment":[{"href":"https:\/\/www.ambienteyenergia.gob.ec\/ambiente\/wp-json\/wp\/v2\/media?parent=21159"}],"wp:term":[{"taxonomy":"category","embeddable":true,"href":"https:\/\/www.ambienteyenergia.gob.ec\/ambiente\/wp-json\/wp\/v2\/categories?post=21159"},{"taxonomy":"post_tag","embeddable":true,"href":"https:\/\/www.ambienteyenergia.gob.ec\/ambiente\/wp-json\/wp\/v2\/tags?post=21159"}],"curies":[{"name":"wp","href":"https:\/\/api.w.org\/{rel}","templated":true}]}}