{"id":21156,"date":"2014-06-26T16:58:35","date_gmt":"2014-06-26T21:58:35","guid":{"rendered":"http:\/\/www.ambiente.gob.ec\/?p=21156"},"modified":"2014-06-26T16:58:35","modified_gmt":"2014-06-26T21:58:35","slug":"mae-realizo-un-taller-sobre-la-conservacion-del-aguila-crestada","status":"publish","type":"post","link":"https:\/\/www.ambienteyenergia.gob.ec\/ambiente\/mae-realizo-un-taller-sobre-la-conservacion-del-aguila-crestada\/","title":{"rendered":"MAE realiz\u00f3 un taller sobre la conservaci\u00f3n del \u00e1guila crestada"},"content":{"rendered":"<p style=\"text-align: justify;\">En la Reserva de Producci\u00f3n de Fauna Cuyabeno, ubicada en la provincia de Sucumb\u00edos, se desarroll\u00f3 un taller para los que trabajan dentro del \u00e1rea protegida canoeros, gu\u00edas y administradores de caba\u00f1as, con el objetivo de dar a conocer la importancia de conservar al \u00e1guila crestada, especie gen\u00e9ticamente cercana al \u00e1guila harp\u00eda (<i>Harpija) <\/i>y de la que apenas se conoce.<\/p>\n<p style=\"text-align: justify;\">\n<p style=\"text-align: justify;\">En este\u00a0 taller se establecieron lineamientos para que los turistas interesados en el avistamiento de aves o en el turismo cient\u00edfico,<b> <\/b>puedan observar a esta especie, sin generar estr\u00e9s en los animales, especialmente por su fragilidad en las etapas de anidaci\u00f3n y crianza.<\/p>\n<p style=\"text-align: justify;\">\n<p style=\"text-align: justify;\">Los asistentes se comprometieron a mantener y respetar estos lineamientos, mientras la Autoridad Ambiental se mantendr\u00e1 vigilante en el cumplimiento de estos par\u00e1metros que buscan principalmente salvaguardar la vida de esta especie, que se encuentra amenazada.<\/p>\n<p style=\"text-align: justify;\">\n<p style=\"text-align: justify;\">La Reserva de Producci\u00f3n de Fauna Cuyabeno es el tercer nido localizado en el continente. Se desconoce cu\u00e1ntas pueden existir en el pa\u00eds y en el resto del mundo.<b><\/b><\/p>\n<p style=\"text-align: justify;\"><b><span style=\"text-decoration: underline;\">\u00a0<\/span><\/b><\/p>\n<p style=\"text-align: justify;\">\n","protected":false},"excerpt":{"rendered":"<p class=\"excerpt\">En la Reserva de Producci\u00f3n de Fauna Cuyabeno, ubicada en la provincia de Sucumb\u00edos, se desarroll\u00f3 un taller para los que trabajan dentro del \u00e1rea protegida canoeros, gu\u00edas y administradores de caba\u00f1as, con el objetivo de dar a conocer la importancia de conservar al \u00e1guila crestada, especie gen\u00e9ticamente cercana al \u00e1guila harp\u00eda (Harpija) y de la que apenas se conoce.&hellip; <a href=\"https:\/\/www.ambienteyenergia.gob.ec\/ambiente\/mae-realizo-un-taller-sobre-la-conservacion-del-aguila-crestada\/\">Read more &rarr;<\/a><\/p>\n","protected":false},"author":13,"featured_media":21157,"comment_status":"open","ping_status":"open","sticky":false,"template":"","format":"standard","meta":{"footnotes":""},"categories":[16,4],"tags":[],"class_list":["post-21156","post","type-post","status-publish","format-standard","has-post-thumbnail","hentry","category-comunicamos","category-noticias","xfolkentry"],"_links":{"self":[{"href":"https:\/\/www.ambienteyenergia.gob.ec\/ambiente\/wp-json\/wp\/v2\/posts\/21156","targetHints":{"allow":["GET"]}}],"collection":[{"href":"https:\/\/www.ambienteyenergia.gob.ec\/ambiente\/wp-json\/wp\/v2\/posts"}],"about":[{"href":"https:\/\/www.ambienteyenergia.gob.ec\/ambiente\/wp-json\/wp\/v2\/types\/post"}],"author":[{"embeddable":true,"href":"https:\/\/www.ambienteyenergia.gob.ec\/ambiente\/wp-json\/wp\/v2\/users\/13"}],"replies":[{"embeddable":true,"href":"https:\/\/www.ambienteyenergia.gob.ec\/ambiente\/wp-json\/wp\/v2\/comments?post=21156"}],"version-history":[{"count":0,"href":"https:\/\/www.ambienteyenergia.gob.ec\/ambiente\/wp-json\/wp\/v2\/posts\/21156\/revisions"}],"wp:featuredmedia":[{"embeddable":true,"href":"https:\/\/www.ambienteyenergia.gob.ec\/ambiente\/wp-json\/wp\/v2\/media\/21157"}],"wp:attachment":[{"href":"https:\/\/www.ambienteyenergia.gob.ec\/ambiente\/wp-json\/wp\/v2\/media?parent=21156"}],"wp:term":[{"taxonomy":"category","embeddable":true,"href":"https:\/\/www.ambienteyenergia.gob.ec\/ambiente\/wp-json\/wp\/v2\/categories?post=21156"},{"taxonomy":"post_tag","embeddable":true,"href":"https:\/\/www.ambienteyenergia.gob.ec\/ambiente\/wp-json\/wp\/v2\/tags?post=21156"}],"curies":[{"name":"wp","href":"https:\/\/api.w.org\/{rel}","templated":true}]}}