{"id":21150,"date":"2014-06-26T14:49:48","date_gmt":"2014-06-26T19:49:48","guid":{"rendered":"http:\/\/www.ambiente.gob.ec\/?p=21150"},"modified":"2014-06-26T14:51:52","modified_gmt":"2014-06-26T19:51:52","slug":"dos-boas-de-tierra-fueron-liberadas-en-sucumbios","status":"publish","type":"post","link":"https:\/\/www.ambienteyenergia.gob.ec\/ambiente\/dos-boas-de-tierra-fueron-liberadas-en-sucumbios\/","title":{"rendered":"Dos boas de tierra fueron liberadas en Sucumb\u00edos"},"content":{"rendered":"<p style=\"text-align: justify;\">Luego de una denuncia telef\u00f3nica, el Ministerio del Ambiente del Ecuador (MAE) rescat\u00f3 dos boas de tierra (Constrictora Constrictor), que se encontraban en una vivienda de la parroquia Pacayac\u00fa, provincia de Sucumb\u00edos.<\/p>\n<p style=\"text-align: justify;\">T\u00e9cnicos del MAE se movilizaron al lugar, para verificar la condici\u00f3n de los ejemplares. Ambos espec\u00edmenes fueron capturadas por el due\u00f1o del predio, quien inform\u00f3 que los reptiles hab\u00edan atacado a sus aves de corral y por ello procedi\u00f3 de esa manera.<\/p>\n<p style=\"text-align: justify;\">Luego de explicar el motivo por el que no se puede retener a estos animales, las boas fueron entregadas voluntariamente.<\/p>\n<p style=\"text-align: justify;\">Los reptiles, que med\u00edan aproximadamente 2,5 metros de longitud, fueron examinados por t\u00e9cnicos del MAE, quienes comprobaron su perfecto estado de salud, raz\u00f3n por la que trasladaron a las boas al Puente Cuyabeno \u201cCorredor Biol\u00f3gico RPFC\u201d donde se las liber\u00f3.<\/p>\n<p style=\"text-align: justify;\">Esta zona es parte de su h\u00e1bitat natural y posee ecosistemas aptos para su supervivencia.<\/p>\n<p style=\"text-align: justify;\">Por su parte, la Direcci\u00f3n Provincial de Sucumb\u00edos continuar\u00e1 con los operativos de control de vida silvestre y proyectos de educaci\u00f3n ambiental con la comunidad para evitar que se presenten casos de tr\u00e1fico ilegal de especies.<\/p>\n<p style=\"text-align: justify;\">\n","protected":false},"excerpt":{"rendered":"<p class=\"excerpt\">Luego de una denuncia telef\u00f3nica, el Ministerio del Ambiente del Ecuador (MAE) rescat\u00f3 dos boas de tierra (Constrictora Constrictor), que se encontraban en una vivienda de la parroquia Pacayac\u00fa, provincia de Sucumb\u00edos. T\u00e9cnicos del MAE se movilizaron al lugar, para verificar la condici\u00f3n de los ejemplares. Ambos espec\u00edmenes fueron capturadas por el due\u00f1o del predio, quien inform\u00f3 que los reptiles&hellip; <a href=\"https:\/\/www.ambienteyenergia.gob.ec\/ambiente\/dos-boas-de-tierra-fueron-liberadas-en-sucumbios\/\">Read more &rarr;<\/a><\/p>\n","protected":false},"author":13,"featured_media":21151,"comment_status":"open","ping_status":"open","sticky":false,"template":"","format":"standard","meta":{"footnotes":""},"categories":[16,4],"tags":[],"class_list":["post-21150","post","type-post","status-publish","format-standard","has-post-thumbnail","hentry","category-comunicamos","category-noticias","xfolkentry"],"_links":{"self":[{"href":"https:\/\/www.ambienteyenergia.gob.ec\/ambiente\/wp-json\/wp\/v2\/posts\/21150","targetHints":{"allow":["GET"]}}],"collection":[{"href":"https:\/\/www.ambienteyenergia.gob.ec\/ambiente\/wp-json\/wp\/v2\/posts"}],"about":[{"href":"https:\/\/www.ambienteyenergia.gob.ec\/ambiente\/wp-json\/wp\/v2\/types\/post"}],"author":[{"embeddable":true,"href":"https:\/\/www.ambienteyenergia.gob.ec\/ambiente\/wp-json\/wp\/v2\/users\/13"}],"replies":[{"embeddable":true,"href":"https:\/\/www.ambienteyenergia.gob.ec\/ambiente\/wp-json\/wp\/v2\/comments?post=21150"}],"version-history":[{"count":0,"href":"https:\/\/www.ambienteyenergia.gob.ec\/ambiente\/wp-json\/wp\/v2\/posts\/21150\/revisions"}],"wp:featuredmedia":[{"embeddable":true,"href":"https:\/\/www.ambienteyenergia.gob.ec\/ambiente\/wp-json\/wp\/v2\/media\/21151"}],"wp:attachment":[{"href":"https:\/\/www.ambienteyenergia.gob.ec\/ambiente\/wp-json\/wp\/v2\/media?parent=21150"}],"wp:term":[{"taxonomy":"category","embeddable":true,"href":"https:\/\/www.ambienteyenergia.gob.ec\/ambiente\/wp-json\/wp\/v2\/categories?post=21150"},{"taxonomy":"post_tag","embeddable":true,"href":"https:\/\/www.ambienteyenergia.gob.ec\/ambiente\/wp-json\/wp\/v2\/tags?post=21150"}],"curies":[{"name":"wp","href":"https:\/\/api.w.org\/{rel}","templated":true}]}}