{"id":21127,"date":"2014-06-26T13:36:35","date_gmt":"2014-06-26T18:36:35","guid":{"rendered":"http:\/\/www.ambiente.gob.ec\/?p=21127"},"modified":"2014-06-26T13:45:57","modified_gmt":"2014-06-26T18:45:57","slug":"ministra-tapia-resalto-el-trabajo-de-ecuador-en-manejo-de-vida-silvestre-y-derechos-de-la-naturaleza-en-segundo-dialogo-ministerial-en-nairobi","status":"publish","type":"post","link":"https:\/\/www.ambienteyenergia.gob.ec\/ambiente\/ministra-tapia-resalto-el-trabajo-de-ecuador-en-manejo-de-vida-silvestre-y-derechos-de-la-naturaleza-en-segundo-dialogo-ministerial-en-nairobi\/","title":{"rendered":"Ministra Tapia resalt\u00f3 el trabajo de Ecuador en manejo de vida silvestre y derechos de la naturaleza en Segundo Di\u00e1logo en Nairobi"},"content":{"rendered":"<p style=\"text-align: justify;\">Hoy, en el marco de la participaci\u00f3n del Ecuador en I Asamblea Ambiental de la Organizaci\u00f3n de Naciones Unidas (UNEA, por sus siglas en ingl\u00e9s), la Ministra del Ambiente, Lorena Tapia, present\u00f3 una ponencia sobre los derechos de la naturaleza contemplados en la Carta Magna y el manejo de vida silvestre en el pa\u00eds.<\/p>\n<p style=\"text-align: justify;\">En su intervenci\u00f3n, Tapia mencion\u00f3 que Ecuador forma parte de los 18 pa\u00edses m\u00e1s megadiversos del mundo por sus particulares condiciones de ubicaci\u00f3n geogr\u00e1fica, clima y relieve. Tambi\u00e9n se\u00f1al\u00f3 que justamente estas caracter\u00edsticas lo convierten en el pa\u00eds con mayor diversidad considerando el n\u00famero de especies en relaci\u00f3n a la extensi\u00f3n del territorio nacional.<\/p>\n<p style=\"text-align: justify;\">\u00abDe acuerdo al Quinto Informe Nacional para el Convenio sobre la Diversidad Biol\u00f3gica, el Ecuador tiene el 8% de los mam\u00edferos del planeta, el 18% de las aves, el 10% de anfibios, el 8.1% de los peces y el 18% de orqu\u00eddeas\u00bb, asegur\u00f3 Tapia.<\/p>\n<p style=\"text-align: justify;\">Adicionalmente, la M\u00e1xima Autoridad Ambiental expres\u00f3 que Ecuador adem\u00e1s de su biodiversidad, alberga a especies de plantas y animales \u00fanicas en el mundo. \u00abLa mayor parte de vegetaci\u00f3n nacional contienen altos niveles de endemismo\u00bb, asever\u00f3 Tapia.<\/p>\n<p style=\"text-align: justify;\">Para este Segundo Di\u00e1logo Ministerial, la Ministra Tapia plante\u00f3 al pa\u00eds como l\u00edder mundial en el reconocimiento de los derechos de la naturaleza y la conservaci\u00f3n de sus ecosistemas. \u00abLa Constituci\u00f3n de 2008, surge como una respuesta contundente a fin de garantizar el respeto integral de la naturaleza su existencia, mantenimiento y regeneraci\u00f3n de sus ciclos vitales y procesos evolutivos. Con este nuevo enfoque, el Estado ecuatoriano, en el marco de su Plan Nacional del Buen Vivir 2013 \u2013 2017, establece como objetivo nacional &#8216;Garantizar los derechos de la Naturaleza y promover la sostenibilidad ambiental, territorial y global&#8217;, ratific\u00f3 Tapia.<\/p>\n<p style=\"text-align: justify;\">Para precautelar que se cumpla lo establecido en la Carta Magna, se han establecido pol\u00edticas y estrategias enfocadas en conocer, valorar, conservar y manejar sustentablemente el patrimonio natural y su biodiversidad, con el acceso justo y equitativo a sus beneficios. Con estas acciones, se busca aportar al cambio de matriz productiva, en el que los recursos naturales no sean solo vistos como un bien, sino que a trav\u00e9s de iniciativas de bioconocimiento sean una alternativa a la producci\u00f3n primario \u2013 exportadora.<\/p>\n<p style=\"text-align: justify;\">En ese sentido, enfatiz\u00f3 el trabajo que ejecuta el Ministerio del Ambiente en cumplimiento al mandato constitucional y a la planificaci\u00f3n estatal, promoviendo una Pol\u00edtica Nacional para la Gobernanza del Patrimonio Natural. \u00abEsta estrategia establece medidas eficaces, apoy\u00e1ndose en marcos jur\u00eddicos nacionales e internacionales, a fin de garantizar una gesti\u00f3n integral de bosques y vida silvestre orientada a la reducci\u00f3n de la deforestaci\u00f3n, a la eliminaci\u00f3n de la tala de bosques y el control restricto del comercio ilegal de vida silvestre\u00bb, recalc\u00f3 Tapia.<\/p>\n<p style=\"text-align: justify;\">Para finalizar su ponencia, la Ministra del Ambiente, afirm\u00f3 que todas las acciones de conservaci\u00f3n y la aplicaci\u00f3n de medidas preventivas, se enmarcan en una nueva visi\u00f3n del Estado ecuatoriano: el Buen Vivir, que se basa en un modelo de desarrollo sostenible frente al manejo de los recursos naturales, la flora y fauna silvestre.<\/p>\n<p style=\"text-align: justify;\">\n","protected":false},"excerpt":{"rendered":"<p class=\"excerpt\">Hoy, en el marco de la participaci\u00f3n del Ecuador en I Asamblea Ambiental de la Organizaci\u00f3n de Naciones Unidas (UNEA, por sus siglas en ingl\u00e9s), la Ministra del Ambiente, Lorena Tapia, present\u00f3 una ponencia sobre los derechos de la naturaleza contemplados en la Carta Magna y el manejo de vida silvestre en el pa\u00eds. En su intervenci\u00f3n, Tapia mencion\u00f3 que&hellip; <a href=\"https:\/\/www.ambienteyenergia.gob.ec\/ambiente\/ministra-tapia-resalto-el-trabajo-de-ecuador-en-manejo-de-vida-silvestre-y-derechos-de-la-naturaleza-en-segundo-dialogo-ministerial-en-nairobi\/\">Read more &rarr;<\/a><\/p>\n","protected":false},"author":13,"featured_media":21128,"comment_status":"open","ping_status":"open","sticky":false,"template":"","format":"standard","meta":{"footnotes":""},"categories":[16,4],"tags":[],"class_list":["post-21127","post","type-post","status-publish","format-standard","has-post-thumbnail","hentry","category-comunicamos","category-noticias","xfolkentry"],"_links":{"self":[{"href":"https:\/\/www.ambienteyenergia.gob.ec\/ambiente\/wp-json\/wp\/v2\/posts\/21127","targetHints":{"allow":["GET"]}}],"collection":[{"href":"https:\/\/www.ambienteyenergia.gob.ec\/ambiente\/wp-json\/wp\/v2\/posts"}],"about":[{"href":"https:\/\/www.ambienteyenergia.gob.ec\/ambiente\/wp-json\/wp\/v2\/types\/post"}],"author":[{"embeddable":true,"href":"https:\/\/www.ambienteyenergia.gob.ec\/ambiente\/wp-json\/wp\/v2\/users\/13"}],"replies":[{"embeddable":true,"href":"https:\/\/www.ambienteyenergia.gob.ec\/ambiente\/wp-json\/wp\/v2\/comments?post=21127"}],"version-history":[{"count":0,"href":"https:\/\/www.ambienteyenergia.gob.ec\/ambiente\/wp-json\/wp\/v2\/posts\/21127\/revisions"}],"wp:featuredmedia":[{"embeddable":true,"href":"https:\/\/www.ambienteyenergia.gob.ec\/ambiente\/wp-json\/wp\/v2\/media\/21128"}],"wp:attachment":[{"href":"https:\/\/www.ambienteyenergia.gob.ec\/ambiente\/wp-json\/wp\/v2\/media?parent=21127"}],"wp:term":[{"taxonomy":"category","embeddable":true,"href":"https:\/\/www.ambienteyenergia.gob.ec\/ambiente\/wp-json\/wp\/v2\/categories?post=21127"},{"taxonomy":"post_tag","embeddable":true,"href":"https:\/\/www.ambienteyenergia.gob.ec\/ambiente\/wp-json\/wp\/v2\/tags?post=21127"}],"curies":[{"name":"wp","href":"https:\/\/api.w.org\/{rel}","templated":true}]}}