{"id":21117,"date":"2014-06-26T12:42:12","date_gmt":"2014-06-26T17:42:12","guid":{"rendered":"http:\/\/www.ambiente.gob.ec\/?p=21117"},"modified":"2014-06-26T12:42:12","modified_gmt":"2014-06-26T17:42:12","slug":"i-foro-internacional-de-biodiversidad-unasur-se-realizo-en-imbabura","status":"publish","type":"post","link":"https:\/\/www.ambienteyenergia.gob.ec\/ambiente\/i-foro-internacional-de-biodiversidad-unasur-se-realizo-en-imbabura\/","title":{"rendered":"I Foro Internacional de Biodiversidad UNASUR se realiz\u00f3 en Imbabura"},"content":{"rendered":"<p style=\"text-align: justify;\">El Consejo Suramericano de Ciencia y Tecnolog\u00eda de Innovaci\u00f3n (CONSUCTI) organiz\u00f3 el I Foro Internacional de Biodiversidad, que se desarrollar\u00e1 los d\u00edas 26 y 27 de junio en la sala de Convenciones de la Fabrica de Imbabura, del cant\u00f3n Atuntaqui.<\/p>\n<p style=\"text-align: justify;\">El evento cuenta con la participaci\u00f3n de delegados de todos los pa\u00edses que conforman la UNASUR. Por parte de nuestro pa\u00eds, los representantes son Christian Ter\u00e1n, Subsecretario de Patrimonio Natural, en representaci\u00f3n de Lorena Tapia, Ministra del Ambiente;\u00a0 Mar\u00eda Bel\u00e9n Moncayo, Viceministra del Ministerio Coordinado de Conocimiento y Talento Humano, y Rina Pazos, delegada de la Subsecretaria de Educaci\u00f3n Superior, Ciencia, Tecnolog\u00eda e Innovaci\u00f3n (SENESCYT).<\/p>\n<p style=\"text-align: justify;\">Este foro se lo realiza con el fin de fortalecer la cooperaci\u00f3n e integraci\u00f3n cient\u00edfico-tecnol\u00f3gica mediante la generaci\u00f3n de redes y la promoci\u00f3n de pol\u00edticas en \u00e1reas estrat\u00e9gicas como la biodiversidad.<\/p>\n<p style=\"text-align: justify;\">El Objetivo es proponer una declaratoria de posicionamiento de la biodiversidad a nivel regional mediante el intercambio de experiencias entre los pa\u00edses parte de UNASUR.<\/p>\n<p style=\"text-align: justify;\">\u201cEs imprescindible analizar a la biodiversidad como un recurso geoestrat\u00e9gico, esto en el marco de una planificaci\u00f3n de trabajo mancomunado y articulado, que actualmente se desarrolla en nuestro pa\u00eds\u201d, manifest\u00f3 el Subsecretario de Patrimonio Natural.<\/p>\n<p style=\"text-align: justify;\">Se prev\u00e9 adem\u00e1s desarrollar las actividades programadas, mediante 3 mesas de trabajo que tratar\u00e1n sobre los avances y necesidades de la investigaci\u00f3n en biodiversidad, investigaci\u00f3n en biodiversidad en cambio clim\u00e1tico, y marco institucional existente en biodiversidad y propiedad intelectual.<\/p>\n<p style=\"text-align: justify;\">El foro culminar\u00e1 con la visita a Yachay, la Ciudad del Conocimiento.<\/p>\n<p style=\"text-align: justify;\">\n","protected":false},"excerpt":{"rendered":"<p class=\"excerpt\">El Consejo Suramericano de Ciencia y Tecnolog\u00eda de Innovaci\u00f3n (CONSUCTI) organiz\u00f3 el I Foro Internacional de Biodiversidad, que se desarrollar\u00e1 los d\u00edas 26 y 27 de junio en la sala de Convenciones de la Fabrica de Imbabura, del cant\u00f3n Atuntaqui. El evento cuenta con la participaci\u00f3n de delegados de todos los pa\u00edses que conforman la UNASUR. Por parte de nuestro&hellip; <a href=\"https:\/\/www.ambienteyenergia.gob.ec\/ambiente\/i-foro-internacional-de-biodiversidad-unasur-se-realizo-en-imbabura\/\">Read more &rarr;<\/a><\/p>\n","protected":false},"author":13,"featured_media":21118,"comment_status":"open","ping_status":"open","sticky":false,"template":"","format":"standard","meta":{"footnotes":""},"categories":[16,4],"tags":[],"class_list":["post-21117","post","type-post","status-publish","format-standard","has-post-thumbnail","hentry","category-comunicamos","category-noticias","xfolkentry"],"_links":{"self":[{"href":"https:\/\/www.ambienteyenergia.gob.ec\/ambiente\/wp-json\/wp\/v2\/posts\/21117","targetHints":{"allow":["GET"]}}],"collection":[{"href":"https:\/\/www.ambienteyenergia.gob.ec\/ambiente\/wp-json\/wp\/v2\/posts"}],"about":[{"href":"https:\/\/www.ambienteyenergia.gob.ec\/ambiente\/wp-json\/wp\/v2\/types\/post"}],"author":[{"embeddable":true,"href":"https:\/\/www.ambienteyenergia.gob.ec\/ambiente\/wp-json\/wp\/v2\/users\/13"}],"replies":[{"embeddable":true,"href":"https:\/\/www.ambienteyenergia.gob.ec\/ambiente\/wp-json\/wp\/v2\/comments?post=21117"}],"version-history":[{"count":0,"href":"https:\/\/www.ambienteyenergia.gob.ec\/ambiente\/wp-json\/wp\/v2\/posts\/21117\/revisions"}],"wp:featuredmedia":[{"embeddable":true,"href":"https:\/\/www.ambienteyenergia.gob.ec\/ambiente\/wp-json\/wp\/v2\/media\/21118"}],"wp:attachment":[{"href":"https:\/\/www.ambienteyenergia.gob.ec\/ambiente\/wp-json\/wp\/v2\/media?parent=21117"}],"wp:term":[{"taxonomy":"category","embeddable":true,"href":"https:\/\/www.ambienteyenergia.gob.ec\/ambiente\/wp-json\/wp\/v2\/categories?post=21117"},{"taxonomy":"post_tag","embeddable":true,"href":"https:\/\/www.ambienteyenergia.gob.ec\/ambiente\/wp-json\/wp\/v2\/tags?post=21117"}],"curies":[{"name":"wp","href":"https:\/\/api.w.org\/{rel}","templated":true}]}}