{"id":21114,"date":"2014-06-26T12:10:21","date_gmt":"2014-06-26T17:10:21","guid":{"rendered":"http:\/\/www.ambiente.gob.ec\/?p=21114"},"modified":"2014-06-26T12:10:21","modified_gmt":"2014-06-26T17:10:21","slug":"ecuador-participa-en-la-primera-asamblea-de-la-unea-en-nairobi-kenia","status":"publish","type":"post","link":"https:\/\/www.ambienteyenergia.gob.ec\/ambiente\/ecuador-participa-en-la-primera-asamblea-de-la-unea-en-nairobi-kenia\/","title":{"rendered":"Ecuador participa en la Primera Asamblea de la UNEA en Nairobi, Kenia"},"content":{"rendered":"<p style=\"text-align: justify;\">La Ministra del Ambiente, Lorena Tapia, participa del 23 al 27 de junio, en la Primera Asamblea Ambiental de la Organizaci\u00f3n de Naciones Unidas (UNEA, por sus siglas en ingl\u00e9s), que se desarrolla en Nairobi, Kenya. Como parte de la agenda oficial, la M\u00e1xima Autoridad Ambiental represent\u00f3 esta\u00a0ma\u00f1ana al Ecuador en la Plenaria de Alto Nivel. Para la tarde y noche estaba\u00a0previsto que exponga sobre los puntos de vista y las acciones del pa\u00eds \u00a0en temas como el control de flujo ilegal de madera, tr\u00e1fico de vida silvestre, gesti\u00f3n de productos qu\u00edmicos y desechos s\u00f3lidos, desarrollo sostenible, producci\u00f3n y consumo sostenible, entre otros.<\/p>\n<p style=\"text-align: justify;\">Tapia resaltar\u00e1 la contribuci\u00f3n del Ecuador en las reuniones regionales sobre el compromiso de Am\u00e9rica Latina y el Caribe para apoyar la implementaci\u00f3n del Marco Decenal de Programas de Consumo y Producci\u00f3n Sostenibles (CPS).<\/p>\n<p style=\"text-align: justify;\">Asimismo, se presentar\u00e1 este\u00a0viernes, 27 de junio,\u00a0al Consumo y Producci\u00f3n Sostenible como un eje transversal en la gesti\u00f3n del Ministerio del Ambiente del Ecuador. Actualmente, el pa\u00eds trabaja en un proceso de compras p\u00fablicas sostenibles, para lo cual se cuenta con un mecanismo de Reconocimiento a Edificaciones y construcciones ecoeficientes.<\/p>\n<p style=\"text-align: justify;\">Asimismo se destacar\u00e1 el manejo de residuos s\u00f3lidos, el Ministerio del Ambiente del Ecuador ejecuta a nivel nacional un Programa Integral para la gesti\u00f3n de desechos s\u00f3lidos en el que trabaja en coordinaci\u00f3n con los Gobiernos Aut\u00f3nomos Descentralizados.<\/p>\n<p style=\"text-align: justify;\">En la segunda sesi\u00f3n de alto nivel ministerial, el Ecuador mostrar\u00e1 su inter\u00e9s en formar parte de la Red para la eliminaci\u00f3n de PCBs y en participar en la segunda fase del monitoreo global de COPs a trav\u00e9s del Centro Regional del Convenio de Estocolmo de Uruguay.<\/p>\n","protected":false},"excerpt":{"rendered":"<p class=\"excerpt\">La Ministra del Ambiente, Lorena Tapia, participa del 23 al 27 de junio, en la Primera Asamblea Ambiental de la Organizaci\u00f3n de Naciones Unidas (UNEA, por sus siglas en ingl\u00e9s), que se desarrolla en Nairobi, Kenya. Como parte de la agenda oficial, la M\u00e1xima Autoridad Ambiental represent\u00f3 esta\u00a0ma\u00f1ana al Ecuador en la Plenaria de Alto Nivel. Para la tarde y&hellip; <a href=\"https:\/\/www.ambienteyenergia.gob.ec\/ambiente\/ecuador-participa-en-la-primera-asamblea-de-la-unea-en-nairobi-kenia\/\">Read more &rarr;<\/a><\/p>\n","protected":false},"author":13,"featured_media":21115,"comment_status":"open","ping_status":"open","sticky":false,"template":"","format":"standard","meta":{"footnotes":""},"categories":[16,4],"tags":[],"class_list":["post-21114","post","type-post","status-publish","format-standard","has-post-thumbnail","hentry","category-comunicamos","category-noticias","xfolkentry"],"_links":{"self":[{"href":"https:\/\/www.ambienteyenergia.gob.ec\/ambiente\/wp-json\/wp\/v2\/posts\/21114","targetHints":{"allow":["GET"]}}],"collection":[{"href":"https:\/\/www.ambienteyenergia.gob.ec\/ambiente\/wp-json\/wp\/v2\/posts"}],"about":[{"href":"https:\/\/www.ambienteyenergia.gob.ec\/ambiente\/wp-json\/wp\/v2\/types\/post"}],"author":[{"embeddable":true,"href":"https:\/\/www.ambienteyenergia.gob.ec\/ambiente\/wp-json\/wp\/v2\/users\/13"}],"replies":[{"embeddable":true,"href":"https:\/\/www.ambienteyenergia.gob.ec\/ambiente\/wp-json\/wp\/v2\/comments?post=21114"}],"version-history":[{"count":0,"href":"https:\/\/www.ambienteyenergia.gob.ec\/ambiente\/wp-json\/wp\/v2\/posts\/21114\/revisions"}],"wp:featuredmedia":[{"embeddable":true,"href":"https:\/\/www.ambienteyenergia.gob.ec\/ambiente\/wp-json\/wp\/v2\/media\/21115"}],"wp:attachment":[{"href":"https:\/\/www.ambienteyenergia.gob.ec\/ambiente\/wp-json\/wp\/v2\/media?parent=21114"}],"wp:term":[{"taxonomy":"category","embeddable":true,"href":"https:\/\/www.ambienteyenergia.gob.ec\/ambiente\/wp-json\/wp\/v2\/categories?post=21114"},{"taxonomy":"post_tag","embeddable":true,"href":"https:\/\/www.ambienteyenergia.gob.ec\/ambiente\/wp-json\/wp\/v2\/tags?post=21114"}],"curies":[{"name":"wp","href":"https:\/\/api.w.org\/{rel}","templated":true}]}}