{"id":21110,"date":"2014-06-26T10:50:28","date_gmt":"2014-06-26T15:50:28","guid":{"rendered":"http:\/\/www.ambiente.gob.ec\/?p=21110"},"modified":"2014-06-26T10:50:28","modified_gmt":"2014-06-26T15:50:28","slug":"ministra-lorena-tapia-fortalece-lazos-de-cooperacion-ambiental-con-su-par-de-chile","status":"publish","type":"post","link":"https:\/\/www.ambienteyenergia.gob.ec\/ambiente\/ministra-lorena-tapia-fortalece-lazos-de-cooperacion-ambiental-con-su-par-de-chile\/","title":{"rendered":"Ministra Lorena Tapia fortalece lazos de cooperaci\u00f3n ambiental con su par de Chile"},"content":{"rendered":"<p style=\"text-align: justify;\">Hoy, la Ministra del Ambiente, Lorena Tapia, mantuvo una reuni\u00f3n bilateral con su par de Chile, Pablo Badenier, con el fin de tratar temas relacionados a la conservaci\u00f3n, protecci\u00f3n y manejo de los recursos naturales, as\u00ed como para reiterar el compromiso de intercambiar experiencias en materia ambiental. Esta actividad se desarroll\u00f3 en Nairobi, Kenia como parte de la visita oficial que realiza la M\u00e1xima Autoridad Ambiental, para participar en la primera Asamblea Ambiental de la Organizaci\u00f3n de Naciones Unidas, que se ejecuta del 23 al 27 de junio del presente a\u00f1o.<\/p>\n<p style=\"text-align: justify;\">\n<p style=\"text-align: justify;\">Ambos pa\u00edses tienen un Memorando de Entendimiento en materia ambiental que contiene varias \u00e1reas de trabajo como la asistencia t\u00e9cnica de Ecuador sobre el control de especies ex\u00f3ticas invasoras, considerando la experiencia desarrollada en las Islas Gal\u00e1pagos; manejo costero integrado (\u00e1reas protegidas y biodiversidad); y asistencia t\u00e9cnica e intercambio de experiencias de Chile en procesos de seguimiento y control ambiental del Estado al sector industrial minero, incluyendo formaci\u00f3n de capacidades en el sector p\u00fablico, buenas pr\u00e1cticas ambientales y tecnolog\u00edas apropiadas para una gesti\u00f3n ambiental mejorada del sector. El Ministro chileno, Badenier, se comprometi\u00f3 a organizar, en conjunto, capacitaci\u00f3n t\u00e9cnica en lo que se refiere al control de \u00e1reas protegidas, por parte del Ecuador.<\/p>\n<p style=\"text-align: justify;\">\n<p style=\"text-align: justify;\">El punto focal de esta jornada de trabajo fue la gesti\u00f3n y administraci\u00f3n en las Islas Gal\u00e1pagos. Se propuso avanzar con la evaluaci\u00f3n de impacto en el medio marino; continuidad en temas de institucionalidad; protecci\u00f3n de especies invasoras y funcionamiento de la barrera de bioseguridad para el archipi\u00e9lago, entre otros.<\/p>\n<p style=\"text-align: justify;\">\n<p style=\"text-align: justify;\">La cita de alto nivel buscaba fortalecer los lazos de cooperaci\u00f3n y recordar los compromisos de apoyo entre las dos naciones. En ese sentido, la Ministra Tapia asegur\u00f3 que se continuar\u00e1n implementando las actividades planteadas en el Plan de Trabajo establecido dentro del Memorando de Entendimiento. \u00abLo importante es afianzar la cooperaci\u00f3n en beneficio de ambos pa\u00edses y fortalecer las potencialidades de cada Ministerio\u00bb, recalc\u00f3 la Ministra Lorena Tapia.<\/p>\n<p style=\"text-align: justify;\">\n<p style=\"text-align: justify;\">Finalmente, se reiter\u00f3 la participaci\u00f3n tanto de Chile como de Ecuador dentro del Consejo Interministerial Binacional a efectuarse en noviembre de este a\u00f1o.<\/p>\n<p style=\"text-align: justify;\">\n<p style=\"text-align: justify;\"><strong>Otras citas importantes<\/strong><\/p>\n<p style=\"text-align: justify;\">\n<p style=\"text-align: justify;\">La Ministra Lorena Tapia en su visita a Nairobi aprovech\u00f3 tambi\u00e9n para mantener una reuni\u00f3n bilateral con Per\u00fa y dialogar respecto a la posici\u00f3n regional con miras a la COP20 de la Convenci\u00f3n Marco de Naciones Unidas sobre Cambio Clim\u00e1tico, que se realizar\u00e1 en Lima en el mes de diciembre. Asimismo, intercambiaron experiencias sobre el control y fiscalizaci\u00f3n a proyectos mineros. El ministro peruano, Manuel Pulgar resalt\u00f3 la importancia de compartir informaci\u00f3n que permita fortalecer la gesti\u00f3n ambiental en ambas naciones.<\/p>\n<p style=\"text-align: justify;\">\n<p style=\"text-align: justify;\">\u00a0En la misma jornada, la ministra Tapia mantuvo una cita de trabajo con los ministros y viceministros de Ambiente de los pa\u00edses miembros de la Alianza Bolivariana para los Pueblos de Nuestra Am\u00e9rica \u00a0(ALBA), con quienes trat\u00f3 temas como una posici\u00f3n regional para las cumbres ambientales que se realizar\u00e1n este a\u00f1o. \u00abEstos acercamientos permiten consolidar un posici\u00f3n pol\u00edtica en beneficio de nuestros pa\u00edses\u00bb, afirm\u00f3 Tapia.<\/p>\n","protected":false},"excerpt":{"rendered":"<p class=\"excerpt\">Hoy, la Ministra del Ambiente, Lorena Tapia, mantuvo una reuni\u00f3n bilateral con su par de Chile, Pablo Badenier, con el fin de tratar temas relacionados a la conservaci\u00f3n, protecci\u00f3n y manejo de los recursos naturales, as\u00ed como para reiterar el compromiso de intercambiar experiencias en materia ambiental. Esta actividad se desarroll\u00f3 en Nairobi, Kenia como parte de la visita oficial&hellip; <a href=\"https:\/\/www.ambienteyenergia.gob.ec\/ambiente\/ministra-lorena-tapia-fortalece-lazos-de-cooperacion-ambiental-con-su-par-de-chile\/\">Read more &rarr;<\/a><\/p>\n","protected":false},"author":13,"featured_media":21111,"comment_status":"open","ping_status":"open","sticky":false,"template":"","format":"standard","meta":{"footnotes":""},"categories":[16,4],"tags":[],"class_list":["post-21110","post","type-post","status-publish","format-standard","has-post-thumbnail","hentry","category-comunicamos","category-noticias","xfolkentry"],"_links":{"self":[{"href":"https:\/\/www.ambienteyenergia.gob.ec\/ambiente\/wp-json\/wp\/v2\/posts\/21110","targetHints":{"allow":["GET"]}}],"collection":[{"href":"https:\/\/www.ambienteyenergia.gob.ec\/ambiente\/wp-json\/wp\/v2\/posts"}],"about":[{"href":"https:\/\/www.ambienteyenergia.gob.ec\/ambiente\/wp-json\/wp\/v2\/types\/post"}],"author":[{"embeddable":true,"href":"https:\/\/www.ambienteyenergia.gob.ec\/ambiente\/wp-json\/wp\/v2\/users\/13"}],"replies":[{"embeddable":true,"href":"https:\/\/www.ambienteyenergia.gob.ec\/ambiente\/wp-json\/wp\/v2\/comments?post=21110"}],"version-history":[{"count":0,"href":"https:\/\/www.ambienteyenergia.gob.ec\/ambiente\/wp-json\/wp\/v2\/posts\/21110\/revisions"}],"wp:featuredmedia":[{"embeddable":true,"href":"https:\/\/www.ambienteyenergia.gob.ec\/ambiente\/wp-json\/wp\/v2\/media\/21111"}],"wp:attachment":[{"href":"https:\/\/www.ambienteyenergia.gob.ec\/ambiente\/wp-json\/wp\/v2\/media?parent=21110"}],"wp:term":[{"taxonomy":"category","embeddable":true,"href":"https:\/\/www.ambienteyenergia.gob.ec\/ambiente\/wp-json\/wp\/v2\/categories?post=21110"},{"taxonomy":"post_tag","embeddable":true,"href":"https:\/\/www.ambienteyenergia.gob.ec\/ambiente\/wp-json\/wp\/v2\/tags?post=21110"}],"curies":[{"name":"wp","href":"https:\/\/api.w.org\/{rel}","templated":true}]}}