{"id":21106,"date":"2014-06-26T09:10:58","date_gmt":"2014-06-26T14:10:58","guid":{"rendered":"http:\/\/www.ambiente.gob.ec\/?p=21106"},"modified":"2014-06-26T09:10:58","modified_gmt":"2014-06-26T14:10:58","slug":"dia-internacional-de-los-bosques-tropicales-1-millon-113-mil-de-hectareas-se-conservan-en-el-pais","status":"publish","type":"post","link":"https:\/\/www.ambienteyenergia.gob.ec\/ambiente\/dia-internacional-de-los-bosques-tropicales-1-millon-113-mil-de-hectareas-se-conservan-en-el-pais\/","title":{"rendered":"D\u00eda Internacional de los Bosques Tropicales: 1 mill\u00f3n 113 mil de hect\u00e1reas se conservan en el pa\u00eds"},"content":{"rendered":"<p style=\"text-align: justify;\" align=\"JUSTIFY\">El Ministerio del Ambiente (MAE) conmemora el D\u00eda Internacional de la preservaci\u00f3n de los Bosques Tropicales, a trav\u00e9s de su pol\u00edtica de patrimonio natural que fomenta un responsable e hist\u00f3rico manejo de sus recursos naturales, logrando incluir a los ciudadanos en las acciones de la transformaci\u00f3n ambiental.<\/p>\n<p style=\"text-align: justify;\" align=\"JUSTIFY\">El MAE, como rector del sector en nuestro pa\u00eds, realiza permanentes esfuerzos por preservar los bosques tropicales. Por ello, a trav\u00e9s de su Programa Nacional de Incentivos Socio Bosque ha suscrito 1 450 convenios con beneficiarios individuales y comunitarios, logrando la conservaci\u00f3n hist\u00f3rica de 1 mill\u00f3n 113 mil hect\u00e1reas de bosques tropicales, beneficiando a alrededor de 72 mil ciudadanos y ciudadanas.<\/p>\n<p style=\"text-align: justify;\" align=\"JUSTIFY\">Los bosques tropicales cubren cerca del 15% de la superficie del planeta y contienen alrededor del 25% del carbono de la bi\u00f3sfera terrestre. En el Ecuador, los bosques h\u00famedos tropicales se encuentran en la regi\u00f3n costa y amaz\u00f3nica. La preservaci\u00f3n de este tipo de bosques contribuye a la regulaci\u00f3n del clima, la conservaci\u00f3n de la abundante biodiversidad que habita en estas zonas, y a la generaci\u00f3n del sustento de las comunidades que hab\u00edan en estos ecosistemas.<\/p>\n<p style=\"text-align: justify;\" align=\"JUSTIFY\">En el \u00e1mbito del control forestal, para una efectiva regulaci\u00f3n de los bosques tropicales, esta Cartera de Estado realiza auditorias forestales a nivel nacional en el \u00e1mbito documental y de campo con el fin de verificar un legal uso de la madera.<\/p>\n<p style=\"text-align: justify;\" align=\"JUSTIFY\">Hasta el momento, gracias a los operativos de control, que realiza la autoridad ambiental, a nivel nacional se han retenido 1 523m3 de madera en puestos fijos, mientras en las unidades m\u00f3viles de control son 1 237m3 de madera los que han sido incautados.<\/p>\n<p style=\"text-align: justify;\" align=\"JUSTIFY\">Como medida de fortalecimiento del control forestal, en este 2014, el MAE realiz\u00f3 auditorias a los centros de destino final de la madera, cubriendo toda la cadena de tranzabilidad. Los resultados de dichas auditorias son: 550 centros de destino final auditados y cerca de 1 650m3 de madera retenida.<\/p>\n<p style=\"text-align: justify;\" align=\"JUSTIFY\">El D\u00eda Internacional de la Preservaci\u00f3n de Bosques Tropicales, fue establecido en 1999 por el Pnuma (Programa de las Naciones Unidas para el Medio Ambiente), WWF (Organizaci\u00f3n Mundial de Conservaci\u00f3n) y la UNESCO (Organizaci\u00f3n de las Naciones Unidas para la Educaci\u00f3n, la Ciencia y la Cultura) con el objetivo de fomentar acciones sostenibles y arm\u00f3nicas con el ambiente mediante el manejo adecuado de los bosques.<\/p>\n<p style=\"text-align: justify;\" align=\"JUSTIFY\"><strong>\u00bfSabias que?<\/strong><\/p>\n<ul>\n<li style=\"text-align: justify;\">\n<p align=\"JUSTIFY\">La selva tropical o bosque lluvioso tropical es propio de las zonas tropicales\/ecuatoriales en las que no existe una verdadera estaci\u00f3n seca, pues se presentan lluvias todo o casi todo el a\u00f1o.<\/p>\n<\/li>\n<li>\n<p style=\"text-align: justify;\" align=\"JUSTIFY\">La Amazon\u00eda ecuatoriana es uno de los lugares de bosque h\u00famedo tropical mas grande del mundo.<\/p>\n<\/li>\n<\/ul>\n","protected":false},"excerpt":{"rendered":"<p class=\"excerpt\">El Ministerio del Ambiente (MAE) conmemora el D\u00eda Internacional de la preservaci\u00f3n de los Bosques Tropicales, a trav\u00e9s de su pol\u00edtica de patrimonio natural que fomenta un responsable e hist\u00f3rico manejo de sus recursos naturales, logrando incluir a los ciudadanos en las acciones de la transformaci\u00f3n ambiental. El MAE, como rector del sector en nuestro pa\u00eds, realiza permanentes esfuerzos por&hellip; <a href=\"https:\/\/www.ambienteyenergia.gob.ec\/ambiente\/dia-internacional-de-los-bosques-tropicales-1-millon-113-mil-de-hectareas-se-conservan-en-el-pais\/\">Read more &rarr;<\/a><\/p>\n","protected":false},"author":13,"featured_media":21107,"comment_status":"open","ping_status":"open","sticky":false,"template":"","format":"standard","meta":{"footnotes":""},"categories":[16,4],"tags":[],"class_list":["post-21106","post","type-post","status-publish","format-standard","has-post-thumbnail","hentry","category-comunicamos","category-noticias","xfolkentry"],"_links":{"self":[{"href":"https:\/\/www.ambienteyenergia.gob.ec\/ambiente\/wp-json\/wp\/v2\/posts\/21106","targetHints":{"allow":["GET"]}}],"collection":[{"href":"https:\/\/www.ambienteyenergia.gob.ec\/ambiente\/wp-json\/wp\/v2\/posts"}],"about":[{"href":"https:\/\/www.ambienteyenergia.gob.ec\/ambiente\/wp-json\/wp\/v2\/types\/post"}],"author":[{"embeddable":true,"href":"https:\/\/www.ambienteyenergia.gob.ec\/ambiente\/wp-json\/wp\/v2\/users\/13"}],"replies":[{"embeddable":true,"href":"https:\/\/www.ambienteyenergia.gob.ec\/ambiente\/wp-json\/wp\/v2\/comments?post=21106"}],"version-history":[{"count":0,"href":"https:\/\/www.ambienteyenergia.gob.ec\/ambiente\/wp-json\/wp\/v2\/posts\/21106\/revisions"}],"wp:featuredmedia":[{"embeddable":true,"href":"https:\/\/www.ambienteyenergia.gob.ec\/ambiente\/wp-json\/wp\/v2\/media\/21107"}],"wp:attachment":[{"href":"https:\/\/www.ambienteyenergia.gob.ec\/ambiente\/wp-json\/wp\/v2\/media?parent=21106"}],"wp:term":[{"taxonomy":"category","embeddable":true,"href":"https:\/\/www.ambienteyenergia.gob.ec\/ambiente\/wp-json\/wp\/v2\/categories?post=21106"},{"taxonomy":"post_tag","embeddable":true,"href":"https:\/\/www.ambienteyenergia.gob.ec\/ambiente\/wp-json\/wp\/v2\/tags?post=21106"}],"curies":[{"name":"wp","href":"https:\/\/api.w.org\/{rel}","templated":true}]}}