{"id":21102,"date":"2014-06-25T14:12:30","date_gmt":"2014-06-25T19:12:30","guid":{"rendered":"http:\/\/www.ambiente.gob.ec\/?p=21102"},"modified":"2014-07-01T10:22:01","modified_gmt":"2014-07-01T15:22:01","slug":"mae-investiga-las-causas-de-muerte-de-piqueros-en-santa-elena","status":"publish","type":"post","link":"https:\/\/www.ambienteyenergia.gob.ec\/ambiente\/mae-investiga-las-causas-de-muerte-de-piqueros-en-santa-elena\/","title":{"rendered":"MAE investiga las causas de muerte de piqueros en Santa Elena"},"content":{"rendered":"<p style=\"text-align: justify;\">Desde el pasado 10 de junio, en las costas de la Provincia de Santa Elena se ha producido un fen\u00f3meno poco usual, para propios y extra\u00f1os. Alrededor de 174 piqueros han muerto por causas a\u00fan no confirmadas, entre las aves encontradas, no existen casos de fallecimiento de la especie Sula granti (piquero de nazca).<\/p>\n<p style=\"text-align: justify;\">El Ministerio del Ambiente de Ecuador (MAE), a trav\u00e9s de la Direcci\u00f3n Provincial del Ambiente de Santa Elena, ha confirmado el fallecimiento de 174 piqueros de las especies Sula nebouxi (patas azules), Sula variegata (piquero peruano) y Sula spp (no identificados), en la zona costanera de la provincia, motivo por el cual ha intensificado las actividades monitoreo de control y prevenci\u00f3n con el fin de proteger a estas aves que habitan en la zona y determinar, por lo tanto, las causas de la muerte de este grupo de aves.<\/p>\n<p style=\"text-align: justify;\">En las playas de la Reserva Marina El Pelado y sus \u00e1reas de influencia como Palmar, San Pedro, Valdivia, Playa Bruja, Ol\u00f3n y Cur\u00eda, se han registrado 108 piqueros muertos: 24 piqueros patas azules, 53 piqueros peruanos, 31 piqueros de especie no identificada debido a su alto grado de descomposici\u00f3n.<\/p>\n<p style=\"text-align: justify;\">Mientras que en la Reserva de Producci\u00f3n Faun\u00edstica Marino y Costera de la Puntilla de Santa Elena se han registrado un total de 66 piqueros muertos: 65 piqueros peruanos y 1 piquero patas azules, distribuidas en las playas de Lober\u00eda, Mar Bravo, Punta Carnero, Diablica y Chocolatera.<\/p>\n<p style=\"text-align: justify;\">En este contexto, la autoridad ambiental ha realizado la necropsia a cuatro ejemplares de piqueros peruanos, con el objetivo de determinar las causas exactas de la muerte de estas aves. El veterinario del Parque Nacional Machalilla analizar\u00e1 las muestras obtenidos de estos animales (coraz\u00f3n, h\u00edgado, ri\u00f1\u00f3n y traquea), mismas que fueron preservadas en formol aldeh\u00eddo al 10%, para evitar posible descomposici\u00f3n o da\u00f1o de estos elementos.<\/p>\n<p style=\"text-align: justify;\">Las muestras obtenidas fueron trasladadas a la Direcci\u00f3n Nacional de Biodiversidad, para ser analizadas bajo los m\u00e1s estrictos nivel de seguridad y calidad, para contar con datos exactos y fidedignos sobre las causas que provocaron las muerte de estos ejemplares de vida silvestre en nuestro pa\u00eds.<\/p>\n<p style=\"text-align: justify;\">El MAE, como m\u00e1xima autoridad ambiental maneja dos hip\u00f3tesis de car\u00e1cter oficial sobre la muerte de los piqueros en la provincia de Santa Elena.<\/p>\n<p style=\"text-align: justify;\">\u2022 Inanici\u00f3n: Esta hip\u00f3tesis se maneja debido a que los espec\u00edmenes muertos presentaron caracter\u00edsticas f\u00edsicas como bajo peso, presumiblemente por la prolongada insuficiencia de alimentos, adem\u00e1s en el an\u00e1lisis necrol\u00f3gico se evidencian severos da\u00f1os en varios \u00f3rganos, que pudieron causar la muerte de estas aves.<\/p>\n<p style=\"text-align: justify;\">\u2022 Intoxicaci\u00f3n: Los cuatro ejemplares de aves marinas muertas, a las que se les practic\u00f3 la necropsia, presentaron hemorragias internas en algunos \u00f3rganos, especialmente tr\u00e1quea, intestinos, bazo e h\u00edgado causado posiblemente por la presencia de virus o bacterias presentes en el organismo de los piqueros.<\/p>\n<p style=\"text-align: justify;\">Sin embargo se debe esperar el an\u00e1lisis de las muestras para poder identificar realmente la causa o causas de la muerte de estos espec\u00edmenes de aves marinas.<\/p>\n<p style=\"text-align: justify;\">Una vez que se tengan los resultados toxicol\u00f3gicos, biol\u00f3gicos o patol\u00f3gicos que determinen las causas de la muerte de estas especies de aves acu\u00e1ticas se iniciar\u00e1 un plan de contingencia para proteger nuestro patrimonio marino y costero las mejores decisiones para precautelar la vida de estas aves acu\u00e1ticas, en base a las condiciones presentes en la zona y que afectan principalmente a los piqueros.<\/p>\n<p style=\"text-align: justify;\">Todas las aves muertas han sido enterradas, bajo los par\u00e1metros establecidos, con el fin de evitar enfermedades producidas por zoonosis a los usuarios de estas playas.<\/p>\n<p style=\"text-align: justify;\">Por otro lado, se logr\u00f3 el rescate de nueve piqueros (seis peruanos y tres patas azules) que presentaban condiciones f\u00edsicas desfavorables, como bajo peso y debilidad extrema, motivo por el cual se los traslado al Acuario Provisional de Valdivia, en el que permanecer\u00e1n en cuarentena, con el objetivo de iniciar su proceso de recuperaci\u00f3n y realizar supervisi\u00f3n permanente sobre su estado de desarrollo.<\/p>\n<p style=\"text-align: justify;\">Cabe se\u00f1alar que esta la autoridad ambiental provincial de Santa Elena no ha registrado o reportado incidentes parecidos en a\u00f1os anteriores en el perfil costero.<\/p>\n","protected":false},"excerpt":{"rendered":"<p class=\"excerpt\">Desde el pasado 10 de junio, en las costas de la Provincia de Santa Elena se ha producido un fen\u00f3meno poco usual, para propios y extra\u00f1os. Alrededor de 174 piqueros han muerto por causas a\u00fan no confirmadas, entre las aves encontradas, no existen casos de fallecimiento de la especie Sula granti (piquero de nazca). El Ministerio del Ambiente de Ecuador&hellip; <a href=\"https:\/\/www.ambienteyenergia.gob.ec\/ambiente\/mae-investiga-las-causas-de-muerte-de-piqueros-en-santa-elena\/\">Read more &rarr;<\/a><\/p>\n","protected":false},"author":13,"featured_media":21103,"comment_status":"open","ping_status":"open","sticky":false,"template":"","format":"standard","meta":{"footnotes":""},"categories":[16,4],"tags":[],"class_list":["post-21102","post","type-post","status-publish","format-standard","has-post-thumbnail","hentry","category-comunicamos","category-noticias","xfolkentry"],"_links":{"self":[{"href":"https:\/\/www.ambienteyenergia.gob.ec\/ambiente\/wp-json\/wp\/v2\/posts\/21102","targetHints":{"allow":["GET"]}}],"collection":[{"href":"https:\/\/www.ambienteyenergia.gob.ec\/ambiente\/wp-json\/wp\/v2\/posts"}],"about":[{"href":"https:\/\/www.ambienteyenergia.gob.ec\/ambiente\/wp-json\/wp\/v2\/types\/post"}],"author":[{"embeddable":true,"href":"https:\/\/www.ambienteyenergia.gob.ec\/ambiente\/wp-json\/wp\/v2\/users\/13"}],"replies":[{"embeddable":true,"href":"https:\/\/www.ambienteyenergia.gob.ec\/ambiente\/wp-json\/wp\/v2\/comments?post=21102"}],"version-history":[{"count":0,"href":"https:\/\/www.ambienteyenergia.gob.ec\/ambiente\/wp-json\/wp\/v2\/posts\/21102\/revisions"}],"wp:featuredmedia":[{"embeddable":true,"href":"https:\/\/www.ambienteyenergia.gob.ec\/ambiente\/wp-json\/wp\/v2\/media\/21103"}],"wp:attachment":[{"href":"https:\/\/www.ambienteyenergia.gob.ec\/ambiente\/wp-json\/wp\/v2\/media?parent=21102"}],"wp:term":[{"taxonomy":"category","embeddable":true,"href":"https:\/\/www.ambienteyenergia.gob.ec\/ambiente\/wp-json\/wp\/v2\/categories?post=21102"},{"taxonomy":"post_tag","embeddable":true,"href":"https:\/\/www.ambienteyenergia.gob.ec\/ambiente\/wp-json\/wp\/v2\/tags?post=21102"}],"curies":[{"name":"wp","href":"https:\/\/api.w.org\/{rel}","templated":true}]}}