{"id":21094,"date":"2014-06-25T08:38:26","date_gmt":"2014-06-25T13:38:26","guid":{"rendered":"http:\/\/www.ambiente.gob.ec\/?p=21094"},"modified":"2014-06-25T08:38:26","modified_gmt":"2014-06-25T13:38:26","slug":"mae-inicio-el-tercer-ciclo-del-proyecto-servicio-civil-ciudadano-gestion-ambiental-en-chimborazo","status":"publish","type":"post","link":"https:\/\/www.ambienteyenergia.gob.ec\/ambiente\/mae-inicio-el-tercer-ciclo-del-proyecto-servicio-civil-ciudadano-gestion-ambiental-en-chimborazo\/","title":{"rendered":"MAE inici\u00f3 el tercer ciclo del Proyecto Servicio Civil Ciudadano Gesti\u00f3n Ambiental en Chimborazo"},"content":{"rendered":"<p style=\"text-align: justify;\">J\u00f3venes del Grupo de Alto Rendimiento (GAR), que alcanzaron los puntajes m\u00e1s altos en el Examen Nacional de Educaci\u00f3n Superior (ENES), provenientes de varias provincias del pa\u00eds formar\u00e1n parte del tercer ciclo del Proyecto Servicio Civil Ciudadano (Gesti\u00f3n Ambiental) en Chimborazo, con la finalidad de desarrollar destrezas para su formaci\u00f3n profesional.<\/p>\n<p style=\"text-align: justify;\">Durante tres meses, los 14 participantes apoyar\u00e1n a la Direcci\u00f3n Provincial del Ambiente de Chimborazo en actividades de reforestaci\u00f3n, educaci\u00f3n ambiental, gesti\u00f3n de desechos en \u00e1reas protegidas y espacios comunitarios, entre otras.<\/p>\n<p style=\"text-align: justify;\">Magaly Oviedo Moncayo, Directora Provincial del Ambiente de Chimborazo, dio la bienvenida al grupo de j\u00f3venes, y los incentiv\u00f3 a continuar sus estudios superiores, record\u00e1ndoles que el adecuado manejo de los recursos naturales es responsabilidad de todos.<\/p>\n<p style=\"text-align: justify;\">Desde octubre del 2012, hasta la presente fecha alrededor de 50 j\u00f3venes son parte del Proyecto Servicio Civil Ciudadano en la provincia de Chimborazo. Todos ellos, recibieron capacitaciones t\u00e9cnicas que fueron complementadas con actividades pr\u00e1cticas dentro de las diferentes \u00e1reas naturales del Ministerio del Ambiente.<\/p>\n<p style=\"text-align: justify;\">Seg\u00fan los indicadores de gesti\u00f3n en el periodo de febrero a mayo de 2014, los j\u00f3venes participantes del segundo ciclo monitorearon a 90 especies de fauna silvestre, recolectaron 140 Kilogramos de desechos en las \u00e1reas protegidas y lagunas, reforestaron 5,4 hect\u00e1reas de suelos degradados con plantas nativas y sensibilizaron a 890 ciudadanos en eventos de educaci\u00f3n ambiental y ferias ciudadanas.<\/p>\n<p style=\"text-align: justify;\">\n<p style=\"text-align: justify;\">Para este ciclo, MAE tiene previsto dar continuidad a los proyectos y campa\u00f1as dirigidas a la colectividad en el cual los j\u00f3venes aportar\u00e1n activamente con sus iniciativas en los diferentes espacios de la provincia de Chimborazo.<\/p>\n<p style=\"text-align: justify;\">\n","protected":false},"excerpt":{"rendered":"<p class=\"excerpt\">J\u00f3venes del Grupo de Alto Rendimiento (GAR), que alcanzaron los puntajes m\u00e1s altos en el Examen Nacional de Educaci\u00f3n Superior (ENES), provenientes de varias provincias del pa\u00eds formar\u00e1n parte del tercer ciclo del Proyecto Servicio Civil Ciudadano (Gesti\u00f3n Ambiental) en Chimborazo, con la finalidad de desarrollar destrezas para su formaci\u00f3n profesional. Durante tres meses, los 14 participantes apoyar\u00e1n a la&hellip; <a href=\"https:\/\/www.ambienteyenergia.gob.ec\/ambiente\/mae-inicio-el-tercer-ciclo-del-proyecto-servicio-civil-ciudadano-gestion-ambiental-en-chimborazo\/\">Read more &rarr;<\/a><\/p>\n","protected":false},"author":13,"featured_media":21095,"comment_status":"open","ping_status":"open","sticky":false,"template":"","format":"standard","meta":{"footnotes":""},"categories":[16,4],"tags":[],"class_list":["post-21094","post","type-post","status-publish","format-standard","has-post-thumbnail","hentry","category-comunicamos","category-noticias","xfolkentry"],"_links":{"self":[{"href":"https:\/\/www.ambienteyenergia.gob.ec\/ambiente\/wp-json\/wp\/v2\/posts\/21094","targetHints":{"allow":["GET"]}}],"collection":[{"href":"https:\/\/www.ambienteyenergia.gob.ec\/ambiente\/wp-json\/wp\/v2\/posts"}],"about":[{"href":"https:\/\/www.ambienteyenergia.gob.ec\/ambiente\/wp-json\/wp\/v2\/types\/post"}],"author":[{"embeddable":true,"href":"https:\/\/www.ambienteyenergia.gob.ec\/ambiente\/wp-json\/wp\/v2\/users\/13"}],"replies":[{"embeddable":true,"href":"https:\/\/www.ambienteyenergia.gob.ec\/ambiente\/wp-json\/wp\/v2\/comments?post=21094"}],"version-history":[{"count":0,"href":"https:\/\/www.ambienteyenergia.gob.ec\/ambiente\/wp-json\/wp\/v2\/posts\/21094\/revisions"}],"wp:featuredmedia":[{"embeddable":true,"href":"https:\/\/www.ambienteyenergia.gob.ec\/ambiente\/wp-json\/wp\/v2\/media\/21095"}],"wp:attachment":[{"href":"https:\/\/www.ambienteyenergia.gob.ec\/ambiente\/wp-json\/wp\/v2\/media?parent=21094"}],"wp:term":[{"taxonomy":"category","embeddable":true,"href":"https:\/\/www.ambienteyenergia.gob.ec\/ambiente\/wp-json\/wp\/v2\/categories?post=21094"},{"taxonomy":"post_tag","embeddable":true,"href":"https:\/\/www.ambienteyenergia.gob.ec\/ambiente\/wp-json\/wp\/v2\/tags?post=21094"}],"curies":[{"name":"wp","href":"https:\/\/api.w.org\/{rel}","templated":true}]}}