{"id":21092,"date":"2014-06-24T17:49:33","date_gmt":"2014-06-24T22:49:33","guid":{"rendered":"http:\/\/www.ambiente.gob.ec\/?p=21092"},"modified":"2014-06-24T17:49:33","modified_gmt":"2014-06-24T22:49:33","slug":"mae-suspende-actividades-industriales-de-dos-empacadoras-de-camaron","status":"publish","type":"post","link":"https:\/\/www.ambienteyenergia.gob.ec\/ambiente\/mae-suspende-actividades-industriales-de-dos-empacadoras-de-camaron\/","title":{"rendered":"MAE suspende actividades industriales de dos empacadoras de camar\u00f3n"},"content":{"rendered":"<p style=\"text-align: justify;\">Hoy, el Ministerio del Ambiente (MAE), a trav\u00e9s de la Direcci\u00f3n Provincial del Guayas, realiz\u00f3 la \u00a0suspensi\u00f3n de las actividades de producci\u00f3n de dos empacadoras, Emprede S.A. y Gambas del Pac\u00edfico S.A., por no cumplir con lo ordenado en la resoluci\u00f3n administrativa y por no ejecutar un plan de acci\u00f3n donde se d\u00e9 tratamiento a sus aguas residuales, a fin\u00a0 de evitar la contaminaci\u00f3n ambiental en el Estero Salado.<\/p>\n<p style=\"text-align: justify;\">Durante las inspecciones realizadas, la semana pasada, se constat\u00f3 que las aguas residuales generadas en el \u00e1rea de producci\u00f3n y \u00a0lavado de gavetas\u00a0 son descargadas al sistema de alcantarillado de aguas lluvias que desemboca en el Estero Salado. Adem\u00e1s, se verific\u00f3 que las empresas no cuentan con un sistema de tratamiento de sus aguas residuales, incumpliendo de esta manera con los par\u00e1metros establecidos en la normativa ambiental vigente.<\/p>\n<p style=\"text-align: justify;\">La suspensi\u00f3n se la ejecut\u00f3 basado en lo dispuesto en el Art. 396 de \u00a0la Constituci\u00f3n de la Rep\u00fablica del Ecuador, y el Art. 80 en concordancia con el Art. 70 del Cap\u00edtulo VIII del libro\u00a0VI\u00a0del Texto Unificado de la Legislaci\u00f3n Secundaria del Ministerio del Ambiente, que se\u00f1ala lo siguiente:\u00a0\u201c<i>si mediante una verificaci\u00f3n o inspecci\u00f3n realizada por la entidad ambiental de control o a trav\u00e9s de una denuncia fundamentada t\u00e9cnica ilegalmente, de acuerdo a lo establecido en el art\u00edculo 42 de la Ley de Gesti\u00f3n Ambiental, se conociese de la ocurrencia de un incidente o situaci\u00f3n que constituya una infracci\u00f3n flagrante al presente texto unificado de Legislaci\u00f3n Secundaria Ambiental o regulaciones ambientales vigentes en el pa\u00eds, mientras se investiga y se sanciona el hecho, la actividad, proyecto u obra deber\u00e1n suspenderse\u201d.<\/i><\/p>\n<p style=\"text-align: justify;\">\u00abHasta que dichas empresas presenten y ejecuten el plan de acci\u00f3n, la actividad se encontrar\u00e1 suspendida\u201d, enfatiz\u00f3 Pablo Segale, Director Provincial del Ambiente del Guayas.<\/p>\n<p style=\"text-align: justify;\">Hasta la presente fecha, se han suspendido las actividades de cinco empresas que\u00a0 contaminan\u00a0 la zona del Estero Salado, entre ellas est\u00e1n Panader\u00eda California Pancali S.A. y Centuriosa S.A. por descargar sus aguas residuales dom\u00e9sticas al sistema de alcantarillado de aguas lluvias; y a tres empacadoras de camar\u00f3n Inspeoc\u00e9anos S.A. y las dos mencionadas anteriormente, por mantener las descargas\u00a0 residuales industriales al sistema de aguas lluvias.<\/p>\n","protected":false},"excerpt":{"rendered":"<p class=\"excerpt\">Hoy, el Ministerio del Ambiente (MAE), a trav\u00e9s de la Direcci\u00f3n Provincial del Guayas, realiz\u00f3 la \u00a0suspensi\u00f3n de las actividades de producci\u00f3n de dos empacadoras, Emprede S.A. y Gambas del Pac\u00edfico S.A., por no cumplir con lo ordenado en la resoluci\u00f3n administrativa y por no ejecutar un plan de acci\u00f3n donde se d\u00e9 tratamiento a sus aguas residuales, a fin\u00a0&hellip; <a href=\"https:\/\/www.ambienteyenergia.gob.ec\/ambiente\/mae-suspende-actividades-industriales-de-dos-empacadoras-de-camaron\/\">Read more &rarr;<\/a><\/p>\n","protected":false},"author":13,"featured_media":21091,"comment_status":"open","ping_status":"open","sticky":false,"template":"","format":"standard","meta":{"footnotes":""},"categories":[16,4],"tags":[76,387],"class_list":["post-21092","post","type-post","status-publish","format-standard","has-post-thumbnail","hentry","category-comunicamos","category-noticias","tag-estero-salado","tag-mae-lorena-tapia","xfolkentry"],"_links":{"self":[{"href":"https:\/\/www.ambienteyenergia.gob.ec\/ambiente\/wp-json\/wp\/v2\/posts\/21092","targetHints":{"allow":["GET"]}}],"collection":[{"href":"https:\/\/www.ambienteyenergia.gob.ec\/ambiente\/wp-json\/wp\/v2\/posts"}],"about":[{"href":"https:\/\/www.ambienteyenergia.gob.ec\/ambiente\/wp-json\/wp\/v2\/types\/post"}],"author":[{"embeddable":true,"href":"https:\/\/www.ambienteyenergia.gob.ec\/ambiente\/wp-json\/wp\/v2\/users\/13"}],"replies":[{"embeddable":true,"href":"https:\/\/www.ambienteyenergia.gob.ec\/ambiente\/wp-json\/wp\/v2\/comments?post=21092"}],"version-history":[{"count":0,"href":"https:\/\/www.ambienteyenergia.gob.ec\/ambiente\/wp-json\/wp\/v2\/posts\/21092\/revisions"}],"wp:featuredmedia":[{"embeddable":true,"href":"https:\/\/www.ambienteyenergia.gob.ec\/ambiente\/wp-json\/wp\/v2\/media\/21091"}],"wp:attachment":[{"href":"https:\/\/www.ambienteyenergia.gob.ec\/ambiente\/wp-json\/wp\/v2\/media?parent=21092"}],"wp:term":[{"taxonomy":"category","embeddable":true,"href":"https:\/\/www.ambienteyenergia.gob.ec\/ambiente\/wp-json\/wp\/v2\/categories?post=21092"},{"taxonomy":"post_tag","embeddable":true,"href":"https:\/\/www.ambienteyenergia.gob.ec\/ambiente\/wp-json\/wp\/v2\/tags?post=21092"}],"curies":[{"name":"wp","href":"https:\/\/api.w.org\/{rel}","templated":true}]}}