{"id":21082,"date":"2014-06-24T16:56:57","date_gmt":"2014-06-24T21:56:57","guid":{"rendered":"http:\/\/www.ambiente.gob.ec\/?p=21082"},"modified":"2014-06-24T17:21:47","modified_gmt":"2014-06-24T22:21:47","slug":"ardilla-rescatada-por-el-mae-fue-liberada-en-su-habitat-natural","status":"publish","type":"post","link":"https:\/\/www.ambienteyenergia.gob.ec\/ambiente\/ardilla-rescatada-por-el-mae-fue-liberada-en-su-habitat-natural\/","title":{"rendered":"Ardilla rescatada por el MAE, fue liberada en su h\u00e1bitat natural"},"content":{"rendered":"<p style=\"text-align: justify;\">El Ministerio del Ambiente (MAE)<i> , <\/i>el pasado 19 de junio, liber\u00f3 a una ardilla (<i>Sciurus sp.)<\/i> en la Zona Baja de la Reserva Ecol\u00f3gica Los Ilinizas, espec\u00edficamente en la parroquia El Tingo del cant\u00f3n Pujil\u00ed, provincia de Cotopaxi.<\/p>\n<p style=\"text-align: justify;\">En un operativo de control que se realiz\u00f3 el 29 de agosto de 2013, en el sector El Progreso en la provincia de Cotopaxi, se recuper\u00f3 a la ardilla,<i> <\/i>la cual no se encontraba bien de salud, pues ten\u00eda algunas heridas que le imped\u00edan desarrollarse con normalidad en su h\u00e1bitat natural.<\/p>\n<p style=\"text-align: justify;\">Luego de examinar al ejemplar, t\u00e9cnicos del MAE lo trasladaron hasta\u00a0 las instalaciones del Zool\u00f3gico Agrinag-Terracultivos, ubicado en la ciudad de Latacunga, donde recibi\u00f3 la atenci\u00f3n y cuidados necesarios. All\u00ed, permaneci\u00f3 en cuarentena y posterior a eso pas\u00f3 por un largo per\u00edodo de recuperaci\u00f3n.<\/p>\n<p style=\"text-align: justify;\">Durante estos meses, la ardilla se recuper\u00f3 favorablemente, estado que fue evaluado por el personal del MAE.<\/p>\n<p style=\"text-align: justify;\">Ahora, la ardilla tiene buena salud y las condiciones adecuadas para sobrevivir en su h\u00e1bitat natural.<\/p>\n","protected":false},"excerpt":{"rendered":"<p class=\"excerpt\">El Ministerio del Ambiente (MAE) , el pasado 19 de junio, liber\u00f3 a una ardilla (Sciurus sp.) en la Zona Baja de la Reserva Ecol\u00f3gica Los Ilinizas, espec\u00edficamente en la parroquia El Tingo del cant\u00f3n Pujil\u00ed, provincia de Cotopaxi. En un operativo de control que se realiz\u00f3 el 29 de agosto de 2013, en el sector El Progreso en la&hellip; <a href=\"https:\/\/www.ambienteyenergia.gob.ec\/ambiente\/ardilla-rescatada-por-el-mae-fue-liberada-en-su-habitat-natural\/\">Read more &rarr;<\/a><\/p>\n","protected":false},"author":13,"featured_media":21083,"comment_status":"open","ping_status":"open","sticky":false,"template":"","format":"standard","meta":{"footnotes":""},"categories":[16,4],"tags":[],"class_list":["post-21082","post","type-post","status-publish","format-standard","has-post-thumbnail","hentry","category-comunicamos","category-noticias","xfolkentry"],"_links":{"self":[{"href":"https:\/\/www.ambienteyenergia.gob.ec\/ambiente\/wp-json\/wp\/v2\/posts\/21082","targetHints":{"allow":["GET"]}}],"collection":[{"href":"https:\/\/www.ambienteyenergia.gob.ec\/ambiente\/wp-json\/wp\/v2\/posts"}],"about":[{"href":"https:\/\/www.ambienteyenergia.gob.ec\/ambiente\/wp-json\/wp\/v2\/types\/post"}],"author":[{"embeddable":true,"href":"https:\/\/www.ambienteyenergia.gob.ec\/ambiente\/wp-json\/wp\/v2\/users\/13"}],"replies":[{"embeddable":true,"href":"https:\/\/www.ambienteyenergia.gob.ec\/ambiente\/wp-json\/wp\/v2\/comments?post=21082"}],"version-history":[{"count":0,"href":"https:\/\/www.ambienteyenergia.gob.ec\/ambiente\/wp-json\/wp\/v2\/posts\/21082\/revisions"}],"wp:featuredmedia":[{"embeddable":true,"href":"https:\/\/www.ambienteyenergia.gob.ec\/ambiente\/wp-json\/wp\/v2\/media\/21083"}],"wp:attachment":[{"href":"https:\/\/www.ambienteyenergia.gob.ec\/ambiente\/wp-json\/wp\/v2\/media?parent=21082"}],"wp:term":[{"taxonomy":"category","embeddable":true,"href":"https:\/\/www.ambienteyenergia.gob.ec\/ambiente\/wp-json\/wp\/v2\/categories?post=21082"},{"taxonomy":"post_tag","embeddable":true,"href":"https:\/\/www.ambienteyenergia.gob.ec\/ambiente\/wp-json\/wp\/v2\/tags?post=21082"}],"curies":[{"name":"wp","href":"https:\/\/api.w.org\/{rel}","templated":true}]}}