{"id":21079,"date":"2014-06-24T16:45:17","date_gmt":"2014-06-24T21:45:17","guid":{"rendered":"http:\/\/www.ambiente.gob.ec\/?p=21079"},"modified":"2014-06-24T17:15:41","modified_gmt":"2014-06-24T22:15:41","slug":"mae-reinserto-a-tortuga-mordedora-en-la-reserva-ecologica-los-ilinizas","status":"publish","type":"post","link":"https:\/\/www.ambienteyenergia.gob.ec\/ambiente\/mae-reinserto-a-tortuga-mordedora-en-la-reserva-ecologica-los-ilinizas\/","title":{"rendered":"MAE reinsert\u00f3 a tortuga mordedora en la Reserva Ecol\u00f3gica Los Ilinizas"},"content":{"rendered":"<p style=\"text-align: justify;\">El Ministerio del Ambiente (MAE), en coordinaci\u00f3n con la Unidad de Polic\u00eda Comunitaria de Lasso, rescat\u00f3 a una tortuga mordedora (<i>Chelydra acutirostris<\/i>), que se encontraba abandonada en una v\u00eda de la parroquia Pastocalle, provincia de Cotopaxi.<\/p>\n<p style=\"text-align: justify;\">Al conocer el hecho, t\u00e9cnicos del MAE se trasladaron r\u00e1pidamente al lugar para verificar el estado de salud del ejemplar. Este rescate es de suma importancia, puesto que la tortuga es una especie con h\u00e1bitos acu\u00e1ticos y el estar expuesta mucho tiempo fuera de su h\u00e1bitat le habr\u00eda causado un da\u00f1o irreparable.<\/p>\n<p style=\"text-align: justify;\">El esp\u00e9cimen de vida silvestre fue evaluado por personal del MAE, quienes despu\u00e9s de una r\u00e1pida revisi\u00f3n informaron sobre las perfectas condiciones en las que se encontraba. Ante estos antecedentes, la Direcci\u00f3n Provincial del Ambiente de Cotopaxi ha procedido a la reinserci\u00f3n del esp\u00e9cimen en la Reserva Ecol\u00f3gica Los Ilinizas, zona baja. Ah\u00ed el quelonio cuenta con todas las facilidades para su desarrollo.<\/p>\n<p style=\"text-align: justify;\">La tortuga mordedora es un animal que prefiere aguas poco profundas con fondo fangoso y vegetaci\u00f3n abundante, lugar en el que se camufla perfectamente. Su alimentaci\u00f3n es omn\u00edvora, pues come animales muertos, invertebrados, peces, aves y vegetaci\u00f3n acu\u00e1tica. Se la puede encontrar en la Regi\u00f3n Costa del pa\u00eds.<\/p>\n<p style=\"text-align: justify;\">El MAE como principal rector ambiental del pa\u00eds hace un llamado a la comunidad con el fin de que reflexione sobre la importancia de proteger la vida silvestre. Cada individuo juega un rol importante en el equilibrio ecol\u00f3gico. Da\u00f1ar los ecosistemas tambi\u00e9n es una forma de vulnerar a los animales que habitan en los mismos, por ello, es necesario que la gente se comprometa con el cuidado ambiental en \u00a0general.<\/p>\n","protected":false},"excerpt":{"rendered":"<p class=\"excerpt\">El Ministerio del Ambiente (MAE), en coordinaci\u00f3n con la Unidad de Polic\u00eda Comunitaria de Lasso, rescat\u00f3 a una tortuga mordedora (Chelydra acutirostris), que se encontraba abandonada en una v\u00eda de la parroquia Pastocalle, provincia de Cotopaxi. Al conocer el hecho, t\u00e9cnicos del MAE se trasladaron r\u00e1pidamente al lugar para verificar el estado de salud del ejemplar. Este rescate es de&hellip; <a href=\"https:\/\/www.ambienteyenergia.gob.ec\/ambiente\/mae-reinserto-a-tortuga-mordedora-en-la-reserva-ecologica-los-ilinizas\/\">Read more &rarr;<\/a><\/p>\n","protected":false},"author":13,"featured_media":21080,"comment_status":"open","ping_status":"open","sticky":false,"template":"","format":"standard","meta":{"footnotes":""},"categories":[16,4],"tags":[],"class_list":["post-21079","post","type-post","status-publish","format-standard","has-post-thumbnail","hentry","category-comunicamos","category-noticias","xfolkentry"],"_links":{"self":[{"href":"https:\/\/www.ambienteyenergia.gob.ec\/ambiente\/wp-json\/wp\/v2\/posts\/21079","targetHints":{"allow":["GET"]}}],"collection":[{"href":"https:\/\/www.ambienteyenergia.gob.ec\/ambiente\/wp-json\/wp\/v2\/posts"}],"about":[{"href":"https:\/\/www.ambienteyenergia.gob.ec\/ambiente\/wp-json\/wp\/v2\/types\/post"}],"author":[{"embeddable":true,"href":"https:\/\/www.ambienteyenergia.gob.ec\/ambiente\/wp-json\/wp\/v2\/users\/13"}],"replies":[{"embeddable":true,"href":"https:\/\/www.ambienteyenergia.gob.ec\/ambiente\/wp-json\/wp\/v2\/comments?post=21079"}],"version-history":[{"count":0,"href":"https:\/\/www.ambienteyenergia.gob.ec\/ambiente\/wp-json\/wp\/v2\/posts\/21079\/revisions"}],"wp:featuredmedia":[{"embeddable":true,"href":"https:\/\/www.ambienteyenergia.gob.ec\/ambiente\/wp-json\/wp\/v2\/media\/21080"}],"wp:attachment":[{"href":"https:\/\/www.ambienteyenergia.gob.ec\/ambiente\/wp-json\/wp\/v2\/media?parent=21079"}],"wp:term":[{"taxonomy":"category","embeddable":true,"href":"https:\/\/www.ambienteyenergia.gob.ec\/ambiente\/wp-json\/wp\/v2\/categories?post=21079"},{"taxonomy":"post_tag","embeddable":true,"href":"https:\/\/www.ambienteyenergia.gob.ec\/ambiente\/wp-json\/wp\/v2\/tags?post=21079"}],"curies":[{"name":"wp","href":"https:\/\/api.w.org\/{rel}","templated":true}]}}