{"id":21076,"date":"2014-06-24T16:24:09","date_gmt":"2014-06-24T21:24:09","guid":{"rendered":"http:\/\/www.ambiente.gob.ec\/?p=21076"},"modified":"2014-06-24T17:02:49","modified_gmt":"2014-06-24T22:02:49","slug":"mae-firmo-dos-convenios-de-cooperacion-interinstitucional-para-restaurar-la-cuenca-del-rio-jambue","status":"publish","type":"post","link":"https:\/\/www.ambienteyenergia.gob.ec\/ambiente\/mae-firmo-dos-convenios-de-cooperacion-interinstitucional-para-restaurar-la-cuenca-del-rio-jambue\/","title":{"rendered":"MAE firm\u00f3 dos convenios de cooperaci\u00f3n interinstitucional para restaurar la cuenca del r\u00edo Jamb\u00fae"},"content":{"rendered":"<p style=\"text-align: justify;\">El Ministerio del Ambiente (MAE), a trav\u00e9s de la Coordinaci\u00f3n Zonal 7 y la Direcci\u00f3n Provincial del Ambiente de Loja, firm\u00f3 dos convenios de cooperaci\u00f3n interinstitucional, como parte del proyecto de restauraci\u00f3n ecol\u00f3gica en la cuenca del r\u00edo Jamb\u00fae, ubicado en la Biosfera Podocarpus EL C\u00f3ndor.<\/p>\n<p style=\"text-align: justify;\">El primer convenio fue suscrito con el Instituto Tecnol\u00f3gico Sudamericano (ITSS), con el objetivo de establecer la vinculaci\u00f3n con la colectividad a trav\u00e9s de la participaci\u00f3n de los estudiantes en actividades de conservaci\u00f3n y restauraci\u00f3n ambiental. Asimismo, busca fortalecer la formaci\u00f3n tecnol\u00f3gica a partir del involucramiento de los alumnos en trabajos pr\u00e1cticos de educaci\u00f3n ambiental, campa\u00f1as de concienciaci\u00f3n, reforestaci\u00f3n y prevenci\u00f3n.<\/p>\n<p style=\"text-align: justify;\">El segundo convenio corresponde al memorando tripartito de entendimiento suscrito entre el MAE, la Agencia de Desarrollo Empresarial del Sur (ADES), la Corporaci\u00f3n Naturaleza y Cultura Internacional (NCI), cuyo prop\u00f3sito es la Implementaci\u00f3n del Proyecto de Cultivo de Achiote, mediante Sistemas Agroforestales en \u00e1reas degradadas y comercializaci\u00f3n de colorantes naturales para la industria local, en la Reserva de Biosfera Podocarpus \u2013 El C\u00f3ndor. El plazo del convenio es de 10 meses a partir de la suscripci\u00f3n y el lugar de ejecuci\u00f3n es la cuenca del r\u00edo Jambue en la provincia de Zamora Chinchipe cerca de la zona de amortiguamiento del Parque Nacional Podocarpus.<\/p>\n<p style=\"text-align: justify;\">Este tipo de iniciativas promueve la generaci\u00f3n de emprendimientos sostenibles y la conservaci\u00f3n del patrimonio natural, a partir de convenios con la empresa privada.<\/p>\n","protected":false},"excerpt":{"rendered":"<p class=\"excerpt\">El Ministerio del Ambiente (MAE), a trav\u00e9s de la Coordinaci\u00f3n Zonal 7 y la Direcci\u00f3n Provincial del Ambiente de Loja, firm\u00f3 dos convenios de cooperaci\u00f3n interinstitucional, como parte del proyecto de restauraci\u00f3n ecol\u00f3gica en la cuenca del r\u00edo Jamb\u00fae, ubicado en la Biosfera Podocarpus EL C\u00f3ndor. El primer convenio fue suscrito con el Instituto Tecnol\u00f3gico Sudamericano (ITSS), con el objetivo&hellip; <a href=\"https:\/\/www.ambienteyenergia.gob.ec\/ambiente\/mae-firmo-dos-convenios-de-cooperacion-interinstitucional-para-restaurar-la-cuenca-del-rio-jambue\/\">Read more &rarr;<\/a><\/p>\n","protected":false},"author":13,"featured_media":21077,"comment_status":"open","ping_status":"open","sticky":false,"template":"","format":"standard","meta":{"footnotes":""},"categories":[16,4],"tags":[],"class_list":["post-21076","post","type-post","status-publish","format-standard","has-post-thumbnail","hentry","category-comunicamos","category-noticias","xfolkentry"],"_links":{"self":[{"href":"https:\/\/www.ambienteyenergia.gob.ec\/ambiente\/wp-json\/wp\/v2\/posts\/21076","targetHints":{"allow":["GET"]}}],"collection":[{"href":"https:\/\/www.ambienteyenergia.gob.ec\/ambiente\/wp-json\/wp\/v2\/posts"}],"about":[{"href":"https:\/\/www.ambienteyenergia.gob.ec\/ambiente\/wp-json\/wp\/v2\/types\/post"}],"author":[{"embeddable":true,"href":"https:\/\/www.ambienteyenergia.gob.ec\/ambiente\/wp-json\/wp\/v2\/users\/13"}],"replies":[{"embeddable":true,"href":"https:\/\/www.ambienteyenergia.gob.ec\/ambiente\/wp-json\/wp\/v2\/comments?post=21076"}],"version-history":[{"count":0,"href":"https:\/\/www.ambienteyenergia.gob.ec\/ambiente\/wp-json\/wp\/v2\/posts\/21076\/revisions"}],"wp:featuredmedia":[{"embeddable":true,"href":"https:\/\/www.ambienteyenergia.gob.ec\/ambiente\/wp-json\/wp\/v2\/media\/21077"}],"wp:attachment":[{"href":"https:\/\/www.ambienteyenergia.gob.ec\/ambiente\/wp-json\/wp\/v2\/media?parent=21076"}],"wp:term":[{"taxonomy":"category","embeddable":true,"href":"https:\/\/www.ambienteyenergia.gob.ec\/ambiente\/wp-json\/wp\/v2\/categories?post=21076"},{"taxonomy":"post_tag","embeddable":true,"href":"https:\/\/www.ambienteyenergia.gob.ec\/ambiente\/wp-json\/wp\/v2\/tags?post=21076"}],"curies":[{"name":"wp","href":"https:\/\/api.w.org\/{rel}","templated":true}]}}