{"id":21072,"date":"2014-06-24T12:58:24","date_gmt":"2014-06-24T17:58:24","guid":{"rendered":"http:\/\/www.ambiente.gob.ec\/?p=21072"},"modified":"2014-06-24T12:58:24","modified_gmt":"2014-06-24T17:58:24","slug":"equipo-del-proyecto-checc-y-experto-en-sedimentos-visitaron-proyecto-emblematico-coca-codo-sinclair-ep","status":"publish","type":"post","link":"https:\/\/www.ambienteyenergia.gob.ec\/ambiente\/equipo-del-proyecto-checc-y-experto-en-sedimentos-visitaron-proyecto-emblematico-coca-codo-sinclair-ep\/","title":{"rendered":"Equipo del Proyecto CHECC y experto en sedimentos visitaron proyecto emblem\u00e1tico Coca Codo Sinclair EP"},"content":{"rendered":"<p style=\"text-align: justify;\">En el marco del Proyecto \u201cAn\u00e1lisis de Vulnerabilidad de las Centrales Hidroel\u00e9ctricas emblem\u00e1ticas ante los efectos del Cambio Clim\u00e1tico en siete subcuencas hidrogr\u00e1ficas del Ecuador\u201d (CHECC) liderado por la Subsecretar\u00eda de Cambio Clim\u00e1tico del Ministerio del Ambiente, se realiz\u00f3 una visita a la central hidroel\u00e9ctrica emblem\u00e1tica Coca Codo Sinclair (CCS), ubicada en la provincia de Napo, los d\u00edas 19 y 20 de junio de 2014.<\/p>\n<p style=\"text-align: justify;\">\nLa visita tuvo como objetivo conocer los detalles en el sitio del proyecto, presentar los componentes, objetivos y productos que el proyecto CHECC considera desarrollar.\u00a0 Asimismo, socializar los resultados de las investigaciones realizadas por el Profesor Kondolf\u00a0 en diversos proyectos hidroel\u00e9ctricos del mundo sobre la\u00a0gesti\u00f3n sostenible de sedimentos en r\u00edos y embalses controlados de centrales hidroel\u00e9ctricas, a aproximadamente 20 ingenieros de la empresa p\u00fablica Coca Codo Sinclair y a 40 estudiantes de la carrera de Geolog\u00eda de la Universidad T\u00e9cnica Particular de Loja (UTPL) que asistieron.<\/p>\n<p style=\"text-align: justify;\">\nEl equipo t\u00e9cnico y coordinador de este proyecto del MAE, junto con el profesor Mathias Kondolf investigador de la universidad de Berkeley y experto en sedimentos (<a href=\"http:\/\/ced.berkeley.edu\/ced\/faculty-staff\/g-mathias-kondolf\" target=\"_blank\">http:\/\/ced.berkeley.edu\/ced\/faculty-staff\/g-mathias-kondolf<\/a>), visitaron las obras de captaci\u00f3n y el embalse de compensaci\u00f3n del proyecto hidroel\u00e9ctrico emblem\u00e1tico Coca Codo Sinclair, el cual aportar\u00e1 al cambio de matriz energ\u00e9tica con una potencia estimada de 1 500 MW.<\/p>\n<p style=\"text-align: justify;\">\nLos objetivos y actividades del proyecto\u00a0CHECC,\u00a0 as\u00ed como las recomendaciones para la efectiva gesti\u00f3n\u00a0de sedimentos por medio de la gesti\u00f3n integral de la cuenca y de consideraciones de dise\u00f1o en las infraestructuras de centrales hidroel\u00e9ctricas, fueron del completo inter\u00e9s de todos los asistentes.<\/p>\n","protected":false},"excerpt":{"rendered":"<p class=\"excerpt\">En el marco del Proyecto \u201cAn\u00e1lisis de Vulnerabilidad de las Centrales Hidroel\u00e9ctricas emblem\u00e1ticas ante los efectos del Cambio Clim\u00e1tico en siete subcuencas hidrogr\u00e1ficas del Ecuador\u201d (CHECC) liderado por la Subsecretar\u00eda de Cambio Clim\u00e1tico del Ministerio del Ambiente, se realiz\u00f3 una visita a la central hidroel\u00e9ctrica emblem\u00e1tica Coca Codo Sinclair (CCS), ubicada en la provincia de Napo, los d\u00edas 19 y&hellip; <a href=\"https:\/\/www.ambienteyenergia.gob.ec\/ambiente\/equipo-del-proyecto-checc-y-experto-en-sedimentos-visitaron-proyecto-emblematico-coca-codo-sinclair-ep\/\">Read more &rarr;<\/a><\/p>\n","protected":false},"author":13,"featured_media":21073,"comment_status":"open","ping_status":"open","sticky":false,"template":"","format":"standard","meta":{"footnotes":""},"categories":[16,4],"tags":[],"class_list":["post-21072","post","type-post","status-publish","format-standard","has-post-thumbnail","hentry","category-comunicamos","category-noticias","xfolkentry"],"_links":{"self":[{"href":"https:\/\/www.ambienteyenergia.gob.ec\/ambiente\/wp-json\/wp\/v2\/posts\/21072","targetHints":{"allow":["GET"]}}],"collection":[{"href":"https:\/\/www.ambienteyenergia.gob.ec\/ambiente\/wp-json\/wp\/v2\/posts"}],"about":[{"href":"https:\/\/www.ambienteyenergia.gob.ec\/ambiente\/wp-json\/wp\/v2\/types\/post"}],"author":[{"embeddable":true,"href":"https:\/\/www.ambienteyenergia.gob.ec\/ambiente\/wp-json\/wp\/v2\/users\/13"}],"replies":[{"embeddable":true,"href":"https:\/\/www.ambienteyenergia.gob.ec\/ambiente\/wp-json\/wp\/v2\/comments?post=21072"}],"version-history":[{"count":0,"href":"https:\/\/www.ambienteyenergia.gob.ec\/ambiente\/wp-json\/wp\/v2\/posts\/21072\/revisions"}],"wp:featuredmedia":[{"embeddable":true,"href":"https:\/\/www.ambienteyenergia.gob.ec\/ambiente\/wp-json\/wp\/v2\/media\/21073"}],"wp:attachment":[{"href":"https:\/\/www.ambienteyenergia.gob.ec\/ambiente\/wp-json\/wp\/v2\/media?parent=21072"}],"wp:term":[{"taxonomy":"category","embeddable":true,"href":"https:\/\/www.ambienteyenergia.gob.ec\/ambiente\/wp-json\/wp\/v2\/categories?post=21072"},{"taxonomy":"post_tag","embeddable":true,"href":"https:\/\/www.ambienteyenergia.gob.ec\/ambiente\/wp-json\/wp\/v2\/tags?post=21072"}],"curies":[{"name":"wp","href":"https:\/\/api.w.org\/{rel}","templated":true}]}}