{"id":21069,"date":"2014-06-24T12:28:47","date_gmt":"2014-06-24T17:28:47","guid":{"rendered":"http:\/\/www.ambiente.gob.ec\/?p=21069"},"modified":"2014-06-24T12:29:01","modified_gmt":"2014-06-24T17:29:01","slug":"125-hectareas-de-la-parroquia-de-zumbahua-se-reforestaron-con-la-ayuda-de-voluntarios-del-scc","status":"publish","type":"post","link":"https:\/\/www.ambienteyenergia.gob.ec\/ambiente\/125-hectareas-de-la-parroquia-de-zumbahua-se-reforestaron-con-la-ayuda-de-voluntarios-del-scc\/","title":{"rendered":"12,5 hect\u00e1reas de la parroquia de  Zumbahua se reforestaron con la ayuda de voluntarios del SCC"},"content":{"rendered":"<p style=\"text-align: justify;\">El Ministerio del Ambiente (MAE), a trav\u00e9s de la Direcci\u00f3n Provincial de Cotopaxi y en coordinaci\u00f3n\u00a0 con los Voluntarios del Proyecto Servicio Civil Ciudadano (SCC), llev\u00f3 a cabo una jornada de restauraci\u00f3n forestal\u00a0 en la parroquia de Zumbahua en el sector del Complejo Tur\u00edstico Shalal\u00e1. Durante el evento, todos los actores participaron activamente sembrando alrededor de 12,5 hect\u00e1reas. Las especies nativas utilizadas en \u00e9sta actividad fueron pumamaqui, retama, aliso y sauce llor\u00f3n.<\/p>\n<p style=\"text-align: justify;\">Con esta iniciativa impulsada por el MAE, se fomenta la recuperaci\u00f3n de la vegetaci\u00f3n nativa, afectada por los distintos fen\u00f3menos e impactos resultado de diversos factores, entre ellos, la sobrepoblaci\u00f3n, deforestaci\u00f3n de los suelos, tala indiscriminada, cambio de uso de suelo para la agricultura y ganader\u00eda e incendios.<\/p>\n<p style=\"text-align: justify;\">Es importante concientizar a la ciudadan\u00eda sobre la importancia de proteger los bosques. Por esta raz\u00f3n, el MAE impulsa la restauraci\u00f3n forestal como una de las estrategias para reducir\u00a0 los\u00a0 problemas ambientales y de esa\u00a0 forma\u00a0 compensar la cantidad de di\u00f3xido de carbono que se encuentra en el entorno.<\/p>\n<p style=\"text-align: justify;\">El MAE, como principal rector ambiental del pa\u00eds, continuar\u00e1 con este tipo de iniciativas que buscan aportar a la meta de conservaci\u00f3n 2014, que es recuperar 100 mil hect\u00e1reas de bosques y p\u00e1ramos.<\/p>\n","protected":false},"excerpt":{"rendered":"<p class=\"excerpt\">El Ministerio del Ambiente (MAE), a trav\u00e9s de la Direcci\u00f3n Provincial de Cotopaxi y en coordinaci\u00f3n\u00a0 con los Voluntarios del Proyecto Servicio Civil Ciudadano (SCC), llev\u00f3 a cabo una jornada de restauraci\u00f3n forestal\u00a0 en la parroquia de Zumbahua en el sector del Complejo Tur\u00edstico Shalal\u00e1. Durante el evento, todos los actores participaron activamente sembrando alrededor de 12,5 hect\u00e1reas. Las especies&hellip; <a href=\"https:\/\/www.ambienteyenergia.gob.ec\/ambiente\/125-hectareas-de-la-parroquia-de-zumbahua-se-reforestaron-con-la-ayuda-de-voluntarios-del-scc\/\">Read more &rarr;<\/a><\/p>\n","protected":false},"author":13,"featured_media":21070,"comment_status":"open","ping_status":"open","sticky":false,"template":"","format":"standard","meta":{"footnotes":""},"categories":[16,4],"tags":[],"class_list":["post-21069","post","type-post","status-publish","format-standard","has-post-thumbnail","hentry","category-comunicamos","category-noticias","xfolkentry"],"_links":{"self":[{"href":"https:\/\/www.ambienteyenergia.gob.ec\/ambiente\/wp-json\/wp\/v2\/posts\/21069","targetHints":{"allow":["GET"]}}],"collection":[{"href":"https:\/\/www.ambienteyenergia.gob.ec\/ambiente\/wp-json\/wp\/v2\/posts"}],"about":[{"href":"https:\/\/www.ambienteyenergia.gob.ec\/ambiente\/wp-json\/wp\/v2\/types\/post"}],"author":[{"embeddable":true,"href":"https:\/\/www.ambienteyenergia.gob.ec\/ambiente\/wp-json\/wp\/v2\/users\/13"}],"replies":[{"embeddable":true,"href":"https:\/\/www.ambienteyenergia.gob.ec\/ambiente\/wp-json\/wp\/v2\/comments?post=21069"}],"version-history":[{"count":0,"href":"https:\/\/www.ambienteyenergia.gob.ec\/ambiente\/wp-json\/wp\/v2\/posts\/21069\/revisions"}],"wp:featuredmedia":[{"embeddable":true,"href":"https:\/\/www.ambienteyenergia.gob.ec\/ambiente\/wp-json\/wp\/v2\/media\/21070"}],"wp:attachment":[{"href":"https:\/\/www.ambienteyenergia.gob.ec\/ambiente\/wp-json\/wp\/v2\/media?parent=21069"}],"wp:term":[{"taxonomy":"category","embeddable":true,"href":"https:\/\/www.ambienteyenergia.gob.ec\/ambiente\/wp-json\/wp\/v2\/categories?post=21069"},{"taxonomy":"post_tag","embeddable":true,"href":"https:\/\/www.ambienteyenergia.gob.ec\/ambiente\/wp-json\/wp\/v2\/tags?post=21069"}],"curies":[{"name":"wp","href":"https:\/\/api.w.org\/{rel}","templated":true}]}}