{"id":21065,"date":"2014-06-24T09:14:09","date_gmt":"2014-06-24T14:14:09","guid":{"rendered":"http:\/\/www.ambiente.gob.ec\/?p=21065"},"modified":"2014-06-24T09:14:09","modified_gmt":"2014-06-24T14:14:09","slug":"aproximadamente-110-estudiantes-participaron-en-una-jornada-de-reforestacion-en-el-parque-nacional-cotopaxi","status":"publish","type":"post","link":"https:\/\/www.ambienteyenergia.gob.ec\/ambiente\/aproximadamente-110-estudiantes-participaron-en-una-jornada-de-reforestacion-en-el-parque-nacional-cotopaxi\/","title":{"rendered":"Aproximadamente 110 estudiantes participaron en una jornada de reforestaci\u00f3n en el Parque Nacional Cotopaxi"},"content":{"rendered":"<p style=\"text-align: justify;\">El Ministerio del Ambiente (MAE), con el apoyo de aproximadamente 110 estudiantes y docentes de la Unidad Educativa Victoria V\u00e1sconez Cuvi\u00a0\u00a0y de la escuela Luis Felipe Borja, realiz\u00f3 ayer una jornada de reforestaci\u00f3n en el Parque Nacional Cotopaxi, en la que se sembraron especies nativas como pumamaqui y aliso. Este evento es parte de un proyecto de recuperaci\u00f3n forestal que impulsa esta Cartera de Estado dentro de las \u00e1reas protegidas de la provincia.<\/p>\n<p style=\"text-align: justify;\">La actividad afianz\u00f3 el compromiso de la Direcci\u00f3n Provincial del Ambiente de Cotopaxi por incluir a la sociedad y a los estudiantes en el proceso de conservaci\u00f3n ambiental. El objetivo es desarrollar capacidades individuales en pro de la naturaleza y concienciar a la ciudadan\u00eda sobre la importancia de proteger las \u00e1reas naturales del pa\u00eds.<\/p>\n<p style=\"text-align: justify;\">Los estudiantes con la instrucci\u00f3n de los t\u00e9cnicos del MAE sembraron plantas de bosques nativos y se comprometieron a velar por su cuidado. Los zonas denominadas \u201cLa Rinconada\u201d y \u201cC\u00f3ndor Huaico\u201d fueron las m\u00e1s beneficiadas con esta iniciativa.<\/p>\n<p style=\"text-align: justify;\">\n<p style=\"text-align: justify;\">Al concluir el jornada, se firm\u00f3 un acuerdo entre la Unidad Educativa Victoria V\u00e1sconez Cuvi y la Direcci\u00f3n Provincial del Ambiente de Cotopaxi, en la que el MAE brindar\u00e1 soporte t\u00e9cnico para reforestar las zonas de amortiguamiento de la Reserva Ecol\u00f3gica Los Ilinizas, el Parque Nacional Cotopaxi y el \u00c1rea Nacional de Recreaci\u00f3n El Boliche. Por su parte, la instituci\u00f3n educativa colaborar\u00e1 con la participaci\u00f3n de los estudiantes en este tipo de proyectos que, sin duda,\u00a0\u00a0contribuyen a la conservaci\u00f3n de los espacios naturales.<\/p>\n","protected":false},"excerpt":{"rendered":"<p class=\"excerpt\">El Ministerio del Ambiente (MAE), con el apoyo de aproximadamente 110 estudiantes y docentes de la Unidad Educativa Victoria V\u00e1sconez Cuvi\u00a0\u00a0y de la escuela Luis Felipe Borja, realiz\u00f3 ayer una jornada de reforestaci\u00f3n en el Parque Nacional Cotopaxi, en la que se sembraron especies nativas como pumamaqui y aliso. Este evento es parte de un proyecto de recuperaci\u00f3n forestal que&hellip; <a href=\"https:\/\/www.ambienteyenergia.gob.ec\/ambiente\/aproximadamente-110-estudiantes-participaron-en-una-jornada-de-reforestacion-en-el-parque-nacional-cotopaxi\/\">Read more &rarr;<\/a><\/p>\n","protected":false},"author":13,"featured_media":21066,"comment_status":"open","ping_status":"open","sticky":false,"template":"","format":"standard","meta":{"footnotes":""},"categories":[16,4],"tags":[],"class_list":["post-21065","post","type-post","status-publish","format-standard","has-post-thumbnail","hentry","category-comunicamos","category-noticias","xfolkentry"],"_links":{"self":[{"href":"https:\/\/www.ambienteyenergia.gob.ec\/ambiente\/wp-json\/wp\/v2\/posts\/21065","targetHints":{"allow":["GET"]}}],"collection":[{"href":"https:\/\/www.ambienteyenergia.gob.ec\/ambiente\/wp-json\/wp\/v2\/posts"}],"about":[{"href":"https:\/\/www.ambienteyenergia.gob.ec\/ambiente\/wp-json\/wp\/v2\/types\/post"}],"author":[{"embeddable":true,"href":"https:\/\/www.ambienteyenergia.gob.ec\/ambiente\/wp-json\/wp\/v2\/users\/13"}],"replies":[{"embeddable":true,"href":"https:\/\/www.ambienteyenergia.gob.ec\/ambiente\/wp-json\/wp\/v2\/comments?post=21065"}],"version-history":[{"count":0,"href":"https:\/\/www.ambienteyenergia.gob.ec\/ambiente\/wp-json\/wp\/v2\/posts\/21065\/revisions"}],"wp:featuredmedia":[{"embeddable":true,"href":"https:\/\/www.ambienteyenergia.gob.ec\/ambiente\/wp-json\/wp\/v2\/media\/21066"}],"wp:attachment":[{"href":"https:\/\/www.ambienteyenergia.gob.ec\/ambiente\/wp-json\/wp\/v2\/media?parent=21065"}],"wp:term":[{"taxonomy":"category","embeddable":true,"href":"https:\/\/www.ambienteyenergia.gob.ec\/ambiente\/wp-json\/wp\/v2\/categories?post=21065"},{"taxonomy":"post_tag","embeddable":true,"href":"https:\/\/www.ambienteyenergia.gob.ec\/ambiente\/wp-json\/wp\/v2\/tags?post=21065"}],"curies":[{"name":"wp","href":"https:\/\/api.w.org\/{rel}","templated":true}]}}