{"id":21056,"date":"2014-06-22T11:07:41","date_gmt":"2014-06-22T16:07:41","guid":{"rendered":"http:\/\/www.ambiente.gob.ec\/?p=21056"},"modified":"2014-06-23T17:22:37","modified_gmt":"2014-06-23T22:22:37","slug":"22-de-junio-un-dia-para-reflexionar-sobre-el-cuidado-y-conservacion-del-suelo","status":"publish","type":"post","link":"https:\/\/www.ambienteyenergia.gob.ec\/ambiente\/22-de-junio-un-dia-para-reflexionar-sobre-el-cuidado-y-conservacion-del-suelo\/","title":{"rendered":"22 de junio: un d\u00eda para reflexionar sobre el cuidado y conservaci\u00f3n del suelo"},"content":{"rendered":"<p style=\"text-align: justify;\">El suelo es un recurso no renovable en el que crecen, se nutren las plantas y viven numerosos organismos animales y organismos microsc\u00f3picos. Nos proporciona alimentos, vestidos y productos madereros. Almacena y filtra el agua de las lluvias y sobre \u00e9l se construyen viviendas, industrias, pueblos y ciudades. El trato que le damos al suelo influye en la calidad y cantidad del alimento que consumimos.<\/p>\n<p style=\"text-align: justify;\">El suelo representa un recurso de gran valor no solo para los humanos sino para todos los seres vivos, por esta raz\u00f3n el 22 de junio se celebra el D\u00eda Mundial del Suelo y la Tierra F\u00e9rtil como forma de resaltar su importancia y concientizar su cuidado y conservaci\u00f3n frente al cambio clim\u00e1tico, procesos de degradaci\u00f3n, deforestaci\u00f3n y sequ\u00eda, por lo que se hace necesario la implementaci\u00f3n de medidas de adaptaci\u00f3n.<\/p>\n<p style=\"text-align: justify;\">Seg\u00fan la Cosmovisi\u00f3n Andina, la tierra es \u201csagrada\u201d y es la que une a la comunidad y genera abundancia, seg\u00fan el historiador Galo Ram\u00f3n \u201cla gente atribuye a la modernidad la culpa del agotamiento de los suelos, del envenenamiento de la tierra con los qu\u00edmicos y la alteraci\u00f3n de los ritmos pluviom\u00e9tricos, en otras palabras del calentamiento global\u201d. Asimismo, desde el conocimiento ancestral ha sido posible recuperar varios aprendizajes sobre adaptaci\u00f3n al cambio clim\u00e1tico, seguridad alimentaria y manejo del recurso h\u00eddrico.<\/p>\n<p style=\"text-align: justify;\"><strong>Acciones del MAE<\/strong><\/p>\n<p style=\"text-align: justify;\">El Ministerio del Ambiente, a trav\u00e9s de la Subsecretar\u00eda de Cambio Clim\u00e1tico y sus proyectos, adopt\u00f3 pol\u00edticas que promueven la implementaci\u00f3n de medidas de adaptaci\u00f3n al cambio clim\u00e1tico para fomentar el manejo sostenible de la tierra (MST).<\/p>\n<p style=\"text-align: justify;\"><strong>Proyecto de Inversi\u00f3n P\u00fablica Gesti\u00f3n Integrada para la Lucha contra la Desertificaci\u00f3n, Degradaci\u00f3n de la Tierra y Adaptaci\u00f3n al Cambio Clim\u00e1tico (GIDDACC)<\/strong><\/p>\n<p style=\"text-align: justify;\">Busca contribuir a la lucha contra la desertificaci\u00f3n, los procesos de degradaci\u00f3n de tierra y el fen\u00f3meno de la sequ\u00eda con un enfoque de adaptaci\u00f3n al cambio clim\u00e1tico en las provincias consideradas prioritarias (Pichincha, Cotopaxi, Tungurahua, Chimborazo, Azuay, Loja, El Oro y Manab\u00ed), por presentar altas tasas de degradaci\u00f3n de tierra, principalmente en zonas secas y fr\u00e1giles, tales como el ecosistema bosque seco y\/o regi\u00f3n tumbesina, valles interandinos y zonas secas de altura.<\/p>\n<p style=\"text-align: justify;\">El proyecto contempla 5 componentes: 1) Procesos de investigaci\u00f3n de las zonas secas, 2) Implementaci\u00f3n de \u00e1reas de conservaci\u00f3n en coordinaci\u00f3n con GAD&#8217;s, 3) Desarrollo de un marco legal institucionalizado, 4) Implementaci\u00f3n de actividades productivas y postproductivas ecol\u00f3gicas y 5) fortalecimiento de capacidades de gesti\u00f3n de instituciones y ciudadan\u00eda.<\/p>\n<p style=\"text-align: justify;\"><strong>Proyecto de Adaptaci\u00f3n al Cambio Clim\u00e1tico a trav\u00e9s de una Efectiva Gobernabilidad del Agua (PACC)<\/strong><\/p>\n<ul>\n<li>Implementaci\u00f3n de sistemas de almacenamiento de agua (albarradas, reservorios) para disminuir el riesgo de las comunidades frente a eventos de sequ\u00eda o escasez de agua.<\/li>\n<li>Actividades de reforestaci\u00f3n para proteger las fuentes h\u00eddricas o las microcuencas.<\/li>\n<li>Siembra de plantas nativas bajo la modalidad de sistemas agrosilvopastoriles.<\/li>\n<li>Reforestaci\u00f3n en varias cuencas hidrogr\u00e1ficas.<\/li>\n<li>Implementaci\u00f3n de sistemas de producci\u00f3n agroecol\u00f3gicos para mejorar la seguridad alimentaria de las comunidades frente al riesgo del cambio clim\u00e1tico.<\/li>\n<\/ul>\n<p style=\"text-align: justify;\"><strong>Proyecto de Adaptaci\u00f3n al Impacto del Retroceso Acelerado de los Glaciares en los Andes Tropicales (PRAA)<\/strong><\/p>\n<ul>\n<li>Capacitaci\u00f3n a comunidades en procesos de adaptaci\u00f3n ante amenazas del clima y en pr\u00e1cticas adaptativas para medios de vida resilientes.<\/li>\n<li>Monitoreo de ecosistemas de altura (p\u00e1ramos y glaciares) mediante red de estaciones hidro-metereol\u00f3gicas para la generaci\u00f3n de informaci\u00f3n de clima y monitoreo de la din\u00e1mica del cambio clim\u00e1tico sobre glaciares y ecosistema p\u00e1ramo.<\/li>\n<li>Trabajo con Gobiernos Aut\u00f3nomos Descentralizados (GAD) para la integraci\u00f3n de la variable de adaptaci\u00f3n al cambio clim\u00e1tico en su Plan de Desarrollo y Ordenamiento Territorial (PDOT).<\/li>\n<\/ul>\n<p>Conoce mas sobre la importancia de cuidar el suelo en este link:\u00a0<a href=\"https:\/\/www.youtube.com\/watch?v=bLImefCLv9M\" target=\"_blank\">https:\/\/www.youtube.com\/watch?v=bLImefCLv9M<\/a><\/p>\n","protected":false},"excerpt":{"rendered":"<p class=\"excerpt\">El suelo es un recurso no renovable en el que crecen, se nutren las plantas y viven numerosos organismos animales y organismos microsc\u00f3picos. Nos proporciona alimentos, vestidos y productos madereros. Almacena y filtra el agua de las lluvias y sobre \u00e9l se construyen viviendas, industrias, pueblos y ciudades. El trato que le damos al suelo influye en la calidad y&hellip; <a href=\"https:\/\/www.ambienteyenergia.gob.ec\/ambiente\/22-de-junio-un-dia-para-reflexionar-sobre-el-cuidado-y-conservacion-del-suelo\/\">Read more &rarr;<\/a><\/p>\n","protected":false},"author":13,"featured_media":21057,"comment_status":"open","ping_status":"open","sticky":false,"template":"","format":"standard","meta":{"footnotes":""},"categories":[16,4],"tags":[133,387],"class_list":["post-21056","post","type-post","status-publish","format-standard","has-post-thumbnail","hentry","category-comunicamos","category-noticias","tag-cambio-climatico","tag-mae-lorena-tapia","xfolkentry"],"_links":{"self":[{"href":"https:\/\/www.ambienteyenergia.gob.ec\/ambiente\/wp-json\/wp\/v2\/posts\/21056","targetHints":{"allow":["GET"]}}],"collection":[{"href":"https:\/\/www.ambienteyenergia.gob.ec\/ambiente\/wp-json\/wp\/v2\/posts"}],"about":[{"href":"https:\/\/www.ambienteyenergia.gob.ec\/ambiente\/wp-json\/wp\/v2\/types\/post"}],"author":[{"embeddable":true,"href":"https:\/\/www.ambienteyenergia.gob.ec\/ambiente\/wp-json\/wp\/v2\/users\/13"}],"replies":[{"embeddable":true,"href":"https:\/\/www.ambienteyenergia.gob.ec\/ambiente\/wp-json\/wp\/v2\/comments?post=21056"}],"version-history":[{"count":0,"href":"https:\/\/www.ambienteyenergia.gob.ec\/ambiente\/wp-json\/wp\/v2\/posts\/21056\/revisions"}],"wp:featuredmedia":[{"embeddable":true,"href":"https:\/\/www.ambienteyenergia.gob.ec\/ambiente\/wp-json\/wp\/v2\/media\/21057"}],"wp:attachment":[{"href":"https:\/\/www.ambienteyenergia.gob.ec\/ambiente\/wp-json\/wp\/v2\/media?parent=21056"}],"wp:term":[{"taxonomy":"category","embeddable":true,"href":"https:\/\/www.ambienteyenergia.gob.ec\/ambiente\/wp-json\/wp\/v2\/categories?post=21056"},{"taxonomy":"post_tag","embeddable":true,"href":"https:\/\/www.ambienteyenergia.gob.ec\/ambiente\/wp-json\/wp\/v2\/tags?post=21056"}],"curies":[{"name":"wp","href":"https:\/\/api.w.org\/{rel}","templated":true}]}}