{"id":21047,"date":"2014-06-23T15:41:22","date_gmt":"2014-06-23T20:41:22","guid":{"rendered":"http:\/\/www.ambiente.gob.ec\/?p=21047"},"modified":"2014-06-23T15:41:22","modified_gmt":"2014-06-23T20:41:22","slug":"mae-y-comunidades-andinas-organizaron-la-celebracion-del-inti-raymi-en-cotacachi","status":"publish","type":"post","link":"https:\/\/www.ambienteyenergia.gob.ec\/ambiente\/mae-y-comunidades-andinas-organizaron-la-celebracion-del-inti-raymi-en-cotacachi\/","title":{"rendered":"MAE y comunidades andinas organizaron la  celebraci\u00f3n del \u201cInti Raymi\u201d en Cotacachi"},"content":{"rendered":"<p style=\"text-align: justify;\">Alrededor de 2 580 visitantes disfrutaron de las actividades culturales realizadas en la \u201cRuta Sagrada\u201d, ubicada en zona alta de la Reserva Ecol\u00f3gica Cotacachi-Cayapas (RECC), en conmemoraci\u00f3n del \u201cInti Raymi\u201d o \u201cHatun Puncha\u201d, festividad andina del sol celebrada el pasado 22 de junio, en coordinaci\u00f3n con la Direcci\u00f3n Provincial de Imbabura, del Ministerio del Ambiente (MAE).<\/p>\n<p>Estas actividades en las que participaron las comunidades aleda\u00f1as a la zona de amortiguamiento de\u00a0 la RECC, dirigentes de la UNORCAC, y del Comit\u00e9 Cuicocha; son parte de los proyectos de esta Cartera de Estado ejecuta para fomentar el involucramiento activo de las comunidades y el rescate de los saberes y tradiciones de los pueblos ancestrales.<\/p>\n<p>El manejo integral del ambiente implica el aprovechamiento \u00f3ptimo de los valores intr\u00ednsecos del \u00c1rea\u00a0 Protegida, previendo el aprovechamiento sostenible de sus recursos naturales, buscando asegurar la conservaci\u00f3n de los ecosistemas y un uso controlado y eficiente de los mismos dentro de las actividades tur\u00edsticas.<\/p>\n","protected":false},"excerpt":{"rendered":"<p class=\"excerpt\">Alrededor de 2 580 visitantes disfrutaron de las actividades culturales realizadas en la \u201cRuta Sagrada\u201d, ubicada en zona alta de la Reserva Ecol\u00f3gica Cotacachi-Cayapas (RECC), en conmemoraci\u00f3n del \u201cInti Raymi\u201d o \u201cHatun Puncha\u201d, festividad andina del sol celebrada el pasado 22 de junio, en coordinaci\u00f3n con la Direcci\u00f3n Provincial de Imbabura, del Ministerio del Ambiente (MAE). Estas actividades en las&hellip; <a href=\"https:\/\/www.ambienteyenergia.gob.ec\/ambiente\/mae-y-comunidades-andinas-organizaron-la-celebracion-del-inti-raymi-en-cotacachi\/\">Read more &rarr;<\/a><\/p>\n","protected":false},"author":13,"featured_media":21048,"comment_status":"open","ping_status":"open","sticky":false,"template":"","format":"standard","meta":{"footnotes":""},"categories":[16,4],"tags":[],"class_list":["post-21047","post","type-post","status-publish","format-standard","has-post-thumbnail","hentry","category-comunicamos","category-noticias","xfolkentry"],"_links":{"self":[{"href":"https:\/\/www.ambienteyenergia.gob.ec\/ambiente\/wp-json\/wp\/v2\/posts\/21047","targetHints":{"allow":["GET"]}}],"collection":[{"href":"https:\/\/www.ambienteyenergia.gob.ec\/ambiente\/wp-json\/wp\/v2\/posts"}],"about":[{"href":"https:\/\/www.ambienteyenergia.gob.ec\/ambiente\/wp-json\/wp\/v2\/types\/post"}],"author":[{"embeddable":true,"href":"https:\/\/www.ambienteyenergia.gob.ec\/ambiente\/wp-json\/wp\/v2\/users\/13"}],"replies":[{"embeddable":true,"href":"https:\/\/www.ambienteyenergia.gob.ec\/ambiente\/wp-json\/wp\/v2\/comments?post=21047"}],"version-history":[{"count":0,"href":"https:\/\/www.ambienteyenergia.gob.ec\/ambiente\/wp-json\/wp\/v2\/posts\/21047\/revisions"}],"wp:featuredmedia":[{"embeddable":true,"href":"https:\/\/www.ambienteyenergia.gob.ec\/ambiente\/wp-json\/wp\/v2\/media\/21048"}],"wp:attachment":[{"href":"https:\/\/www.ambienteyenergia.gob.ec\/ambiente\/wp-json\/wp\/v2\/media?parent=21047"}],"wp:term":[{"taxonomy":"category","embeddable":true,"href":"https:\/\/www.ambienteyenergia.gob.ec\/ambiente\/wp-json\/wp\/v2\/categories?post=21047"},{"taxonomy":"post_tag","embeddable":true,"href":"https:\/\/www.ambienteyenergia.gob.ec\/ambiente\/wp-json\/wp\/v2\/tags?post=21047"}],"curies":[{"name":"wp","href":"https:\/\/api.w.org\/{rel}","templated":true}]}}