{"id":21043,"date":"2014-06-23T15:07:27","date_gmt":"2014-06-23T20:07:27","guid":{"rendered":"http:\/\/www.ambiente.gob.ec\/?p=21043"},"modified":"2014-06-23T15:07:44","modified_gmt":"2014-06-23T20:07:44","slug":"comunidad-puranqui-se-suma-al-programa-socio-bosque-impulsado-por-el-mae","status":"publish","type":"post","link":"https:\/\/www.ambienteyenergia.gob.ec\/ambiente\/comunidad-puranqui-se-suma-al-programa-socio-bosque-impulsado-por-el-mae\/","title":{"rendered":"Comunidad Puranqu\u00ed se suma al Programa Socio Bosque impulsado por el MAE"},"content":{"rendered":"<p style=\"text-align: justify;\">El pasado 19 de junio, el Ministerio del Ambiente de Ecuador (MAE), a trav\u00e9s de la Direcci\u00f3n Provincial del Ambiente de Imbabura, particip\u00f3 en la Asamblea Extraordinaria organizada en la casa comunal de San Esteban de Puranqu\u00ed, de la parroquia Apuela, cant\u00f3n Cotacachi, con el objetivo de socializar sobre el Programa de Incentivos Socio Bosque.<\/p>\n<p style=\"text-align: justify;\">\nEste Programa consiste en la entrega de incentivos econ\u00f3micos a campesinos y comunidades ind\u00edgenas que se comprometen voluntariamente a la conservaci\u00f3n y protecci\u00f3n de sus bosques nativos, p\u00e1ramos u otra vegetaci\u00f3n nativa.<\/p>\n<p style=\"text-align: justify;\">\nLa entrega de este incentivo est\u00e1 condicionada a la protecci\u00f3n y conservaci\u00f3n de sus bosques, lo que significa que las personas reciben el incentivo una vez cumplen con las condiciones de seguimiento que se determinan en convenio que se firma con el Ministerio del Ambiente.<\/p>\n<p style=\"text-align: justify;\">\nLuego de la socializaci\u00f3n, alrededor de 30 comuneros tomaron la decisi\u00f3n, un\u00e1nime, de ingresar al Programa Socio Bosque, con \u00e9nfasis de conservaci\u00f3n de un \u00e1rea de aproximadamente 1 200 hect\u00e1reas de bosque nativo, en la zona de amortiguamiento de la Reserva Ecol\u00f3gica Cotacachi Cayapas (RECC).<\/p>\n<p>Es digno de destacar la expectativa y el inter\u00e9s que tiene la comunidad, por cuanto el Gobierno Nacional est\u00e1 otorgando incentivos econ\u00f3micos a las comunidades que est\u00e1n conservando sus bosque y p\u00e1ramos.<\/p>\n<p>Es por tal motivo que la comuna Puranqu\u00ed recibir\u00e1 alrededor de USD 34 000 anuales, que ser\u00e1n destinados a proyectos de conservaci\u00f3n, productivos, educativos y de fortalecimiento organizacional de la comuna.<\/p>\n","protected":false},"excerpt":{"rendered":"<p class=\"excerpt\">El pasado 19 de junio, el Ministerio del Ambiente de Ecuador (MAE), a trav\u00e9s de la Direcci\u00f3n Provincial del Ambiente de Imbabura, particip\u00f3 en la Asamblea Extraordinaria organizada en la casa comunal de San Esteban de Puranqu\u00ed, de la parroquia Apuela, cant\u00f3n Cotacachi, con el objetivo de socializar sobre el Programa de Incentivos Socio Bosque. Este Programa consiste en la&hellip; <a href=\"https:\/\/www.ambienteyenergia.gob.ec\/ambiente\/comunidad-puranqui-se-suma-al-programa-socio-bosque-impulsado-por-el-mae\/\">Read more &rarr;<\/a><\/p>\n","protected":false},"author":13,"featured_media":21044,"comment_status":"open","ping_status":"open","sticky":false,"template":"","format":"standard","meta":{"footnotes":""},"categories":[16,4],"tags":[],"class_list":["post-21043","post","type-post","status-publish","format-standard","has-post-thumbnail","hentry","category-comunicamos","category-noticias","xfolkentry"],"_links":{"self":[{"href":"https:\/\/www.ambienteyenergia.gob.ec\/ambiente\/wp-json\/wp\/v2\/posts\/21043","targetHints":{"allow":["GET"]}}],"collection":[{"href":"https:\/\/www.ambienteyenergia.gob.ec\/ambiente\/wp-json\/wp\/v2\/posts"}],"about":[{"href":"https:\/\/www.ambienteyenergia.gob.ec\/ambiente\/wp-json\/wp\/v2\/types\/post"}],"author":[{"embeddable":true,"href":"https:\/\/www.ambienteyenergia.gob.ec\/ambiente\/wp-json\/wp\/v2\/users\/13"}],"replies":[{"embeddable":true,"href":"https:\/\/www.ambienteyenergia.gob.ec\/ambiente\/wp-json\/wp\/v2\/comments?post=21043"}],"version-history":[{"count":0,"href":"https:\/\/www.ambienteyenergia.gob.ec\/ambiente\/wp-json\/wp\/v2\/posts\/21043\/revisions"}],"wp:featuredmedia":[{"embeddable":true,"href":"https:\/\/www.ambienteyenergia.gob.ec\/ambiente\/wp-json\/wp\/v2\/media\/21044"}],"wp:attachment":[{"href":"https:\/\/www.ambienteyenergia.gob.ec\/ambiente\/wp-json\/wp\/v2\/media?parent=21043"}],"wp:term":[{"taxonomy":"category","embeddable":true,"href":"https:\/\/www.ambienteyenergia.gob.ec\/ambiente\/wp-json\/wp\/v2\/categories?post=21043"},{"taxonomy":"post_tag","embeddable":true,"href":"https:\/\/www.ambienteyenergia.gob.ec\/ambiente\/wp-json\/wp\/v2\/tags?post=21043"}],"curies":[{"name":"wp","href":"https:\/\/api.w.org\/{rel}","templated":true}]}}