{"id":21037,"date":"2014-06-23T14:22:16","date_gmt":"2014-06-23T19:22:16","guid":{"rendered":"http:\/\/www.ambiente.gob.ec\/?p=21037"},"modified":"2014-06-23T14:22:16","modified_gmt":"2014-06-23T19:22:16","slug":"autoridades-retienen-embarcacion-pesquera-dentro-de-la-reserva-marina-de-galapagos","status":"publish","type":"post","link":"https:\/\/www.ambienteyenergia.gob.ec\/ambiente\/autoridades-retienen-embarcacion-pesquera-dentro-de-la-reserva-marina-de-galapagos\/","title":{"rendered":"Autoridades retienen embarcaci\u00f3n pesquera dentro de la Reserva Marina de Gal\u00e1pagos"},"content":{"rendered":"<p style=\"text-align: justify;\">A trav\u00e9s del sistema de monitoreo satelital de naves, la Direcci\u00f3n del Parque Nacional Gal\u00e1pagos, del Ministerio del Ambiente, se detect\u00f3 la presencia de una embarcaci\u00f3n de pesca del Ecuador continental, once millas dentro de la Reserva Marina de Gal\u00e1pagos sin autorizaci\u00f3n, por lo que inmediatamente se coordin\u00f3 con la Armada del Ecuador, para realizar el operativo de retenci\u00f3n.<\/p>\n<p style=\"text-align: justify;\">La guardacostas Isla Espa\u00f1ola, de la Armada del Ecuador, procedi\u00f3 a interceptar a la embarcaci\u00f3n Ni\u00f1o Riky, con registro de Manta, y matr\u00edcula P-04-00599, mientras se encontraba dentro del \u00e1rea marina protegida, con cinco fibras auxiliares.<\/p>\n<p style=\"text-align: justify;\">Una vez en Puerto Baquerizo Moreno, la DPNG en conjunto con la Armada del Ecuador, la Polic\u00eda Ambiental y la Fiscal\u00eda, procedieron a la inspecci\u00f3n del contenido de las bodegas de la embarcaci\u00f3n, registrando en su interior 65 tiburones de diferentes especies como silky, azul, zorro pel\u00e1gico y zorro oj\u00f3n; adem\u00e1s de 125 piezas de pesca blanca entre espada, marlyn, albacora y dorado.<\/p>\n<p style=\"text-align: justify;\">La DPNG mantendr\u00e1 los procesos legales correspondientes para sancionar este posible delito ambiental.<\/p>\n","protected":false},"excerpt":{"rendered":"<p class=\"excerpt\">A trav\u00e9s del sistema de monitoreo satelital de naves, la Direcci\u00f3n del Parque Nacional Gal\u00e1pagos, del Ministerio del Ambiente, se detect\u00f3 la presencia de una embarcaci\u00f3n de pesca del Ecuador continental, once millas dentro de la Reserva Marina de Gal\u00e1pagos sin autorizaci\u00f3n, por lo que inmediatamente se coordin\u00f3 con la Armada del Ecuador, para realizar el operativo de retenci\u00f3n. La&hellip; <a href=\"https:\/\/www.ambienteyenergia.gob.ec\/ambiente\/autoridades-retienen-embarcacion-pesquera-dentro-de-la-reserva-marina-de-galapagos\/\">Read more &rarr;<\/a><\/p>\n","protected":false},"author":13,"featured_media":21038,"comment_status":"open","ping_status":"open","sticky":false,"template":"","format":"standard","meta":{"footnotes":""},"categories":[16,4],"tags":[],"class_list":["post-21037","post","type-post","status-publish","format-standard","has-post-thumbnail","hentry","category-comunicamos","category-noticias","xfolkentry"],"_links":{"self":[{"href":"https:\/\/www.ambienteyenergia.gob.ec\/ambiente\/wp-json\/wp\/v2\/posts\/21037","targetHints":{"allow":["GET"]}}],"collection":[{"href":"https:\/\/www.ambienteyenergia.gob.ec\/ambiente\/wp-json\/wp\/v2\/posts"}],"about":[{"href":"https:\/\/www.ambienteyenergia.gob.ec\/ambiente\/wp-json\/wp\/v2\/types\/post"}],"author":[{"embeddable":true,"href":"https:\/\/www.ambienteyenergia.gob.ec\/ambiente\/wp-json\/wp\/v2\/users\/13"}],"replies":[{"embeddable":true,"href":"https:\/\/www.ambienteyenergia.gob.ec\/ambiente\/wp-json\/wp\/v2\/comments?post=21037"}],"version-history":[{"count":0,"href":"https:\/\/www.ambienteyenergia.gob.ec\/ambiente\/wp-json\/wp\/v2\/posts\/21037\/revisions"}],"wp:featuredmedia":[{"embeddable":true,"href":"https:\/\/www.ambienteyenergia.gob.ec\/ambiente\/wp-json\/wp\/v2\/media\/21038"}],"wp:attachment":[{"href":"https:\/\/www.ambienteyenergia.gob.ec\/ambiente\/wp-json\/wp\/v2\/media?parent=21037"}],"wp:term":[{"taxonomy":"category","embeddable":true,"href":"https:\/\/www.ambienteyenergia.gob.ec\/ambiente\/wp-json\/wp\/v2\/categories?post=21037"},{"taxonomy":"post_tag","embeddable":true,"href":"https:\/\/www.ambienteyenergia.gob.ec\/ambiente\/wp-json\/wp\/v2\/tags?post=21037"}],"curies":[{"name":"wp","href":"https:\/\/api.w.org\/{rel}","templated":true}]}}