{"id":21033,"date":"2014-06-23T11:58:42","date_gmt":"2014-06-23T16:58:42","guid":{"rendered":"http:\/\/www.ambiente.gob.ec\/?p=21033"},"modified":"2014-06-23T12:27:04","modified_gmt":"2014-06-23T17:27:04","slug":"mae-y-scc-socializan-a-288-estudiantes-en-imbabura","status":"publish","type":"post","link":"https:\/\/www.ambienteyenergia.gob.ec\/ambiente\/mae-y-scc-socializan-a-288-estudiantes-en-imbabura\/","title":{"rendered":"MAE y SCC capacita a 288 estudiantes en Imbabura"},"content":{"rendered":"<p style=\"text-align: justify;\">Los d\u00edas 19 y 20 de junio, el Ministerio del Ambiente de Ecuador (MAE), a trav\u00e9s de la Direcci\u00f3n Provincial del Ambiente Imbabura y el proyecto Servicio Civil Ciudadano (SCC) realizaron una capacitaci\u00f3n sobre educaci\u00f3n ambiental en la parroquia La Esperanza, cant\u00f3n Ibarra con el objetivo de promover las buenas pr\u00e1cticas ambientales y consumo responsable.<\/p>\n<p style=\"text-align: justify;\">Los j\u00f3venes voluntariado del SCC capacitaron a 288 estudiantes de la Unidad Educativa Mariano Acosta, a trav\u00e9s de videos y din\u00e1micas sobre el Programa Nacional de Gesti\u00f3n de Desechos S\u00f3lidos. Adem\u00e1s se realiz\u00f3 la\u00a0 presentaci\u00f3n de una obra de t\u00edteres con la tem\u00e1tica conservemos la naturaleza, a los primeros a\u00f1os de educaci\u00f3n b\u00e1sica de esta instituci\u00f3n, que manifest\u00f3 su agradecimiento por parte de profesores, por la importancia de las charlas impartidas.<\/p>\n<p style=\"text-align: justify;\">El MAE realiza permanentemente actividades de socializaci\u00f3n a capacitaci\u00f3n a todos los sectores de la sociedad, con el fin de concienciar sobre la tem\u00e1tica ambiental y las buenas pr\u00e1cticas que debemos tener para conservar nuestro patrimonio natural de la mejor forma posible, en el marco de un Ecuador m\u00e1s Verde.<\/p>\n","protected":false},"excerpt":{"rendered":"<p class=\"excerpt\">Los d\u00edas 19 y 20 de junio, el Ministerio del Ambiente de Ecuador (MAE), a trav\u00e9s de la Direcci\u00f3n Provincial del Ambiente Imbabura y el proyecto Servicio Civil Ciudadano (SCC) realizaron una capacitaci\u00f3n sobre educaci\u00f3n ambiental en la parroquia La Esperanza, cant\u00f3n Ibarra con el objetivo de promover las buenas pr\u00e1cticas ambientales y consumo responsable. Los j\u00f3venes voluntariado del SCC&hellip; <a href=\"https:\/\/www.ambienteyenergia.gob.ec\/ambiente\/mae-y-scc-socializan-a-288-estudiantes-en-imbabura\/\">Read more &rarr;<\/a><\/p>\n","protected":false},"author":13,"featured_media":21034,"comment_status":"open","ping_status":"open","sticky":false,"template":"","format":"standard","meta":{"footnotes":""},"categories":[16,4],"tags":[],"class_list":["post-21033","post","type-post","status-publish","format-standard","has-post-thumbnail","hentry","category-comunicamos","category-noticias","xfolkentry"],"_links":{"self":[{"href":"https:\/\/www.ambienteyenergia.gob.ec\/ambiente\/wp-json\/wp\/v2\/posts\/21033","targetHints":{"allow":["GET"]}}],"collection":[{"href":"https:\/\/www.ambienteyenergia.gob.ec\/ambiente\/wp-json\/wp\/v2\/posts"}],"about":[{"href":"https:\/\/www.ambienteyenergia.gob.ec\/ambiente\/wp-json\/wp\/v2\/types\/post"}],"author":[{"embeddable":true,"href":"https:\/\/www.ambienteyenergia.gob.ec\/ambiente\/wp-json\/wp\/v2\/users\/13"}],"replies":[{"embeddable":true,"href":"https:\/\/www.ambienteyenergia.gob.ec\/ambiente\/wp-json\/wp\/v2\/comments?post=21033"}],"version-history":[{"count":0,"href":"https:\/\/www.ambienteyenergia.gob.ec\/ambiente\/wp-json\/wp\/v2\/posts\/21033\/revisions"}],"wp:featuredmedia":[{"embeddable":true,"href":"https:\/\/www.ambienteyenergia.gob.ec\/ambiente\/wp-json\/wp\/v2\/media\/21034"}],"wp:attachment":[{"href":"https:\/\/www.ambienteyenergia.gob.ec\/ambiente\/wp-json\/wp\/v2\/media?parent=21033"}],"wp:term":[{"taxonomy":"category","embeddable":true,"href":"https:\/\/www.ambienteyenergia.gob.ec\/ambiente\/wp-json\/wp\/v2\/categories?post=21033"},{"taxonomy":"post_tag","embeddable":true,"href":"https:\/\/www.ambienteyenergia.gob.ec\/ambiente\/wp-json\/wp\/v2\/tags?post=21033"}],"curies":[{"name":"wp","href":"https:\/\/api.w.org\/{rel}","templated":true}]}}