{"id":21024,"date":"2014-06-23T11:14:11","date_gmt":"2014-06-23T16:14:11","guid":{"rendered":"http:\/\/www.ambiente.gob.ec\/?p=21024"},"modified":"2014-06-23T11:14:11","modified_gmt":"2014-06-23T16:14:11","slug":"el-mae-participa-en-taller-agenda-de-educacion-investigacion-y-vinculacion-comunitaria-universitaria-y-cambio-climatico-promovido-por-la-universidad-estatal-amazonica","status":"publish","type":"post","link":"https:\/\/www.ambienteyenergia.gob.ec\/ambiente\/el-mae-participa-en-taller-agenda-de-educacion-investigacion-y-vinculacion-comunitaria-universitaria-y-cambio-climatico-promovido-por-la-universidad-estatal-amazonica\/","title":{"rendered":"El MAE participa en taller \u00abAgenda de Educaci\u00f3n, Investigaci\u00f3n y Vinculaci\u00f3n Comunitaria Universitaria y Cambio Clim\u00e1tico\u00bb promovido por la Universidad Estatal Amaz\u00f3nica"},"content":{"rendered":"<p style=\"text-align: justify;\">En la ciudad de Puyo, la Subsecretar\u00eda de Cambio Clim\u00e1tico a trav\u00e9s del Proyecto de Adaptaci\u00f3n al Cambio Clim\u00e1tico, por medio de una Efectiva Gobernabilidad del Agua en el Ecuador (PACC) del Ministerio del Ambiente (MAE) particip\u00f3 en la \u201cAgenda de educaci\u00f3n, investigaci\u00f3n y vinculaci\u00f3n comunitaria universitaria para impulsar la sostenibilidad ecol\u00f3gica junto a las comunidades rurales y originarias presentes en la Regi\u00f3n 3 (Chimborazo, Cotopaxi, Pastaza y Tungurahua) del Ecuador con \u00e9nfasis en adaptaci\u00f3n al cambio clim\u00e1tico\u201d organizada por la Universidad Estatal Amaz\u00f3nica (UEA). \u2028\u2028La Universidad Estatal Amaz\u00f3nica, es un centro de educaci\u00f3n superior del pa\u00eds, que incorpora la investigaci\u00f3n, conservaci\u00f3n y producci\u00f3n dentro de su p\u00e9nsum, con el objetivo de mejorar la calidad de la educaci\u00f3n universitaria. Su Centro de Investigaci\u00f3n, Postgrado y Conservaci\u00f3n Amaz\u00f3nica (CIPCA) alberga proyectos de investigaci\u00f3n cient\u00edfica desarrollados por los docentes de la UEA en coordinaci\u00f3n con aliados externos, nacionales y extranjeros, universidades, centros de investigaci\u00f3n, ministerios, asociaciones de productores y gobiernos locales.<\/p>\n<p style=\"text-align: justify;\">\nEn este contexto, el objetivo del taller fue analizar y discutir la situaci\u00f3n actual del uso de los recursos naturales (agua, suelo, bosques, fauna, agricultura) en el \u00e1rea de influencia universitaria y en conjunto con las comunidades rurales y originarias, para proponer una agenda de investigaci\u00f3n, docencia y vinculaci\u00f3n comunitaria para impulsar la sostenibilidad ecol\u00f3gica y cambio clim\u00e1tico.<\/p>\n<p>En este espacio el proyecto PACC, que se encuentra en etapa de cierre, present\u00f3 el marco regulatorio sobre cambio clim\u00e1tico, cuya rector\u00eda se encuentra bajo esta Secretar\u00eda de Estado. Adem\u00e1s se cre\u00f3 un espacio de socializaci\u00f3n, en la que los asistentes conocieron las experiencias adaptativas en \u00e1reas de intervenci\u00f3n con enfoque en saberes ancestrales y de g\u00e9nero, para ser tomadas en cuenta como insumos para la propuesta de la agenda de investigaci\u00f3n.<\/p>\n<p style=\"text-align: justify;\">\nEl proyecto PACC del MAE, tiene como meta incorporar los riesgos asociados al cambio clim\u00e1tico dentro de las pr\u00e1cticas de manejo del recurso h\u00eddrico en el Ecuador, con el objetivo de aumentar la capacidad de adaptaci\u00f3n en respuesta a los riesgos del cambio clim\u00e1tico en la gesti\u00f3n de recursos h\u00eddricos a nivel nacional y local.<\/p>\n<p style=\"text-align: justify;\">\nComo resultados de este taller la Universidad Nacional de Educaci\u00f3n (UNAE) identific\u00f3 la necesidad de fortalecer la relaci\u00f3n entre la academia educativa y las comunidades amaz\u00f3nicas como forma de que \u00e9stas \u00faltimas se beneficien del producto de las investigaciones manteniendo su identidad, soberan\u00eda y derechos sobre los resultados.<\/p>\n<p style=\"text-align: justify;\">\nEl Cambio Clim\u00e1tico es uno de los temas prioritarios para la agenda de investigaci\u00f3n.<br \/>\nEl dato<\/p>\n<ul style=\"text-align: justify;\">\n<li>Existen 8 nacionalidades ind\u00edgenas reconocidas en la provincia del Pastaza.<\/li>\n<\/ul>\n<ul style=\"text-align: justify;\">\n<li>El 40% de estudiantes de la UEA son ind\u00edgenas.<\/li>\n<\/ul>\n<ul style=\"text-align: justify;\">\n<li>80 personas participaron en esta iniciativa entre l\u00edderes comunitarios, docentes-investigadores e instituciones.<\/li>\n<\/ul>\n<p style=\"text-align: justify;\">\n","protected":false},"excerpt":{"rendered":"<p class=\"excerpt\">En la ciudad de Puyo, la Subsecretar\u00eda de Cambio Clim\u00e1tico a trav\u00e9s del Proyecto de Adaptaci\u00f3n al Cambio Clim\u00e1tico, por medio de una Efectiva Gobernabilidad del Agua en el Ecuador (PACC) del Ministerio del Ambiente (MAE) particip\u00f3 en la \u201cAgenda de educaci\u00f3n, investigaci\u00f3n y vinculaci\u00f3n comunitaria universitaria para impulsar la sostenibilidad ecol\u00f3gica junto a las comunidades rurales y originarias presentes&hellip; <a href=\"https:\/\/www.ambienteyenergia.gob.ec\/ambiente\/el-mae-participa-en-taller-agenda-de-educacion-investigacion-y-vinculacion-comunitaria-universitaria-y-cambio-climatico-promovido-por-la-universidad-estatal-amazonica\/\">Read more &rarr;<\/a><\/p>\n","protected":false},"author":13,"featured_media":21025,"comment_status":"open","ping_status":"open","sticky":false,"template":"","format":"standard","meta":{"footnotes":""},"categories":[16,4],"tags":[],"class_list":["post-21024","post","type-post","status-publish","format-standard","has-post-thumbnail","hentry","category-comunicamos","category-noticias","xfolkentry"],"_links":{"self":[{"href":"https:\/\/www.ambienteyenergia.gob.ec\/ambiente\/wp-json\/wp\/v2\/posts\/21024","targetHints":{"allow":["GET"]}}],"collection":[{"href":"https:\/\/www.ambienteyenergia.gob.ec\/ambiente\/wp-json\/wp\/v2\/posts"}],"about":[{"href":"https:\/\/www.ambienteyenergia.gob.ec\/ambiente\/wp-json\/wp\/v2\/types\/post"}],"author":[{"embeddable":true,"href":"https:\/\/www.ambienteyenergia.gob.ec\/ambiente\/wp-json\/wp\/v2\/users\/13"}],"replies":[{"embeddable":true,"href":"https:\/\/www.ambienteyenergia.gob.ec\/ambiente\/wp-json\/wp\/v2\/comments?post=21024"}],"version-history":[{"count":0,"href":"https:\/\/www.ambienteyenergia.gob.ec\/ambiente\/wp-json\/wp\/v2\/posts\/21024\/revisions"}],"wp:featuredmedia":[{"embeddable":true,"href":"https:\/\/www.ambienteyenergia.gob.ec\/ambiente\/wp-json\/wp\/v2\/media\/21025"}],"wp:attachment":[{"href":"https:\/\/www.ambienteyenergia.gob.ec\/ambiente\/wp-json\/wp\/v2\/media?parent=21024"}],"wp:term":[{"taxonomy":"category","embeddable":true,"href":"https:\/\/www.ambienteyenergia.gob.ec\/ambiente\/wp-json\/wp\/v2\/categories?post=21024"},{"taxonomy":"post_tag","embeddable":true,"href":"https:\/\/www.ambienteyenergia.gob.ec\/ambiente\/wp-json\/wp\/v2\/tags?post=21024"}],"curies":[{"name":"wp","href":"https:\/\/api.w.org\/{rel}","templated":true}]}}