{"id":21019,"date":"2014-06-23T11:09:03","date_gmt":"2014-06-23T16:09:03","guid":{"rendered":"http:\/\/www.ambiente.gob.ec\/?p=21019"},"modified":"2014-06-23T11:09:03","modified_gmt":"2014-06-23T16:09:03","slug":"ministra-lorena-tapia-participara-en-la-primera-asamblea-de-la-unea-en-nairobi","status":"publish","type":"post","link":"https:\/\/www.ambienteyenergia.gob.ec\/ambiente\/ministra-lorena-tapia-participara-en-la-primera-asamblea-de-la-unea-en-nairobi\/","title":{"rendered":"Ministra Lorena Tapia participar\u00e1 en la primera Asamblea de la UNEA en Nairobi"},"content":{"rendered":"<p style=\"text-align: justify;\">Del 23 al 27 de junio, Lorena Tapia, Ministra del Ambiente del Ecuador,\u00a0 participar\u00e1 en la primera Asamblea Ambiental de la Organizaci\u00f3n de Naciones Unidas, UNEA (por su nombre en ingl\u00e9s UN Environment Assembly), en Nairobi, Kenia, sede del\u00a0 PNUMA (Programa de las Naciones Unidas para el Medio Ambiente); dos a\u00f1os despu\u00e9s de la Conferencia sobre Desarrollo Sostenible (R\u00edo+20).<\/p>\n<p style=\"text-align: justify;\">En este evento, considerado la m\u00e1xima plataforma pol\u00edtica para abordar las principales cuestiones ambientales, la Ministra Tapia expondr\u00e1 sobre temas como el control de flujo ilegal de madera, tr\u00e1fico de vida silvestre y gesti\u00f3n de productos qu\u00edmicos y desechos en el Ecuador, entre otros.<\/p>\n<p style=\"text-align: justify;\">Estas sesiones de nivel ministerial se celebrar\u00e1n sobre la base de s\u00f3lidas conclusiones cient\u00edficas a las que se han llegado de manera reciente, enfocadas en dos temas macro: \u201cobjetivos del desarrollo sostenible y la agenda para el desarrollo despu\u00e9s de 2015, incluida la producci\u00f3n y el consumo sostenible\u201d.<\/p>\n<p style=\"text-align: justify;\">El Secretario General de la ONU, Ban Ki-moon, alrededor de 90 ministros de Ambiente y Relaciones Exteriores, Jefes Ejecutivos de varias organizaciones internacionales, \u00a0y m\u00e1s de 1 000 delegados de los 160 pa\u00edses miembros de la ONU participar\u00e1n en esta reuni\u00f3n, catalogada como un hito hist\u00f3rico en los 43 a\u00f1os de historia del PNUMA.<\/p>\n<p style=\"text-align: justify;\">UNEA es la plataforma de alto nivel, constituida recientemente por la ONU, para la toma de decisiones estrat\u00e9gicas sobre el ambiente.\u00a0 Se encargar\u00e1 de trazar un nuevo rumbo en la forma en que la comunidad internacional aborda los retos de sostenibilidad del medio ambiente y proporcionar\u00e1 la orientaci\u00f3n pol\u00edtica para promover su interacci\u00f3n con la ciencia.<\/p>\n","protected":false},"excerpt":{"rendered":"<p class=\"excerpt\">Del 23 al 27 de junio, Lorena Tapia, Ministra del Ambiente del Ecuador,\u00a0 participar\u00e1 en la primera Asamblea Ambiental de la Organizaci\u00f3n de Naciones Unidas, UNEA (por su nombre en ingl\u00e9s UN Environment Assembly), en Nairobi, Kenia, sede del\u00a0 PNUMA (Programa de las Naciones Unidas para el Medio Ambiente); dos a\u00f1os despu\u00e9s de la Conferencia sobre Desarrollo Sostenible (R\u00edo+20). En&hellip; <a href=\"https:\/\/www.ambienteyenergia.gob.ec\/ambiente\/ministra-lorena-tapia-participara-en-la-primera-asamblea-de-la-unea-en-nairobi\/\">Read more &rarr;<\/a><\/p>\n","protected":false},"author":13,"featured_media":21022,"comment_status":"open","ping_status":"open","sticky":false,"template":"","format":"standard","meta":{"footnotes":""},"categories":[16,4],"tags":[],"class_list":["post-21019","post","type-post","status-publish","format-standard","has-post-thumbnail","hentry","category-comunicamos","category-noticias","xfolkentry"],"_links":{"self":[{"href":"https:\/\/www.ambienteyenergia.gob.ec\/ambiente\/wp-json\/wp\/v2\/posts\/21019","targetHints":{"allow":["GET"]}}],"collection":[{"href":"https:\/\/www.ambienteyenergia.gob.ec\/ambiente\/wp-json\/wp\/v2\/posts"}],"about":[{"href":"https:\/\/www.ambienteyenergia.gob.ec\/ambiente\/wp-json\/wp\/v2\/types\/post"}],"author":[{"embeddable":true,"href":"https:\/\/www.ambienteyenergia.gob.ec\/ambiente\/wp-json\/wp\/v2\/users\/13"}],"replies":[{"embeddable":true,"href":"https:\/\/www.ambienteyenergia.gob.ec\/ambiente\/wp-json\/wp\/v2\/comments?post=21019"}],"version-history":[{"count":0,"href":"https:\/\/www.ambienteyenergia.gob.ec\/ambiente\/wp-json\/wp\/v2\/posts\/21019\/revisions"}],"wp:featuredmedia":[{"embeddable":true,"href":"https:\/\/www.ambienteyenergia.gob.ec\/ambiente\/wp-json\/wp\/v2\/media\/21022"}],"wp:attachment":[{"href":"https:\/\/www.ambienteyenergia.gob.ec\/ambiente\/wp-json\/wp\/v2\/media?parent=21019"}],"wp:term":[{"taxonomy":"category","embeddable":true,"href":"https:\/\/www.ambienteyenergia.gob.ec\/ambiente\/wp-json\/wp\/v2\/categories?post=21019"},{"taxonomy":"post_tag","embeddable":true,"href":"https:\/\/www.ambienteyenergia.gob.ec\/ambiente\/wp-json\/wp\/v2\/tags?post=21019"}],"curies":[{"name":"wp","href":"https:\/\/api.w.org\/{rel}","templated":true}]}}