{"id":21016,"date":"2014-06-23T09:56:34","date_gmt":"2014-06-23T14:56:34","guid":{"rendered":"http:\/\/www.ambiente.gob.ec\/?p=21016"},"modified":"2014-06-23T09:56:34","modified_gmt":"2014-06-23T14:56:34","slug":"mae-encontro-una-ballena-jorobada-varada-en-canoa","status":"publish","type":"post","link":"https:\/\/www.ambienteyenergia.gob.ec\/ambiente\/mae-encontro-una-ballena-jorobada-varada-en-canoa\/","title":{"rendered":"MAE encontr\u00f3 una ballena jorobada varada en Canoa"},"content":{"rendered":"<p style=\"text-align: justify;\">Una ballena jorobada (Megaptera novaeangliae) que muri\u00f3 en alta mar fue empujada ayer por la corriente y el viento a la playa de Canoa, en el Cant\u00f3n San Vicente, es la primera que se reporta en el lo que va del a\u00f1o.<\/p>\n<p style=\"text-align: justify;\">\nGuardaparques del Refugio de Vida Silvestre Isla Coraz\u00f3n y Fragatas, con el fin de evitar la contaminaci\u00f3n ambiental en el sector debido al estado de descomposici\u00f3n en que se encontraba el cet\u00e1ceo, solicitaron la ayuda de la Marina, Cuerpo de Bomberos y el Gobierno Aut\u00f3nomo Descentralizado de San Vicente. El MAE con el apoyo de los funcionarios municipales trasladaron la ballena\u00a0 en una volqueta hasta la zona norte de la playa, donde fue enterrada.<\/p>\n<p style=\"text-align: justify;\">\nDe acuerdo al reporte de los guardaparques el animal\u00a0 de aproximadamente 12 metros de largo tendr\u00eda entre 6 y 7\u00a0 d\u00edas de muerto. El 70% de su cuerpo estaba en descomposici\u00f3n, incluso no ten\u00eda cola cuando se la encontr\u00f3. La causa de su muerte se desconoce.<\/p>\n<p>Las ballenas jorobadas migran desde las fr\u00edas aguas de la Ant\u00e1rtida hasta aguas Ecuatorianas, \u00e9ste trayecto les toma al menos 8 000 kil\u00f3metros (en total 16 000 kil\u00f3metros entre ida y regreso). Puerto L\u00f3pez y la Isla de Plata son lugares ideales para su apareamiento y reproducci\u00f3n. Una vez que las hembras paren retornan con sus machos y cr\u00edas a las heladas aguas ant\u00e1rticas. Agosto y septiembre son los meses en los que se puede observar este majestuoso espect\u00e1culo.<\/p>\n<p style=\"text-align: justify;\">\nComo parte de este atractivo tur\u00edstico, el s\u00e1bado 21 de junio, se inaugur\u00f3 el XVI festival de avistamiento de ballenas jorobadas en Puerto L\u00f3pez sector que se encuentra dentro del Parque Nacional Machalilla, \u00e1rea protegida por el Ministerio del Ambiente.<\/p>\n","protected":false},"excerpt":{"rendered":"<p class=\"excerpt\">Una ballena jorobada (Megaptera novaeangliae) que muri\u00f3 en alta mar fue empujada ayer por la corriente y el viento a la playa de Canoa, en el Cant\u00f3n San Vicente, es la primera que se reporta en el lo que va del a\u00f1o. Guardaparques del Refugio de Vida Silvestre Isla Coraz\u00f3n y Fragatas, con el fin de evitar la contaminaci\u00f3n ambiental&hellip; <a href=\"https:\/\/www.ambienteyenergia.gob.ec\/ambiente\/mae-encontro-una-ballena-jorobada-varada-en-canoa\/\">Read more &rarr;<\/a><\/p>\n","protected":false},"author":13,"featured_media":21017,"comment_status":"open","ping_status":"open","sticky":false,"template":"","format":"standard","meta":{"footnotes":""},"categories":[16,4],"tags":[],"class_list":["post-21016","post","type-post","status-publish","format-standard","has-post-thumbnail","hentry","category-comunicamos","category-noticias","xfolkentry"],"_links":{"self":[{"href":"https:\/\/www.ambienteyenergia.gob.ec\/ambiente\/wp-json\/wp\/v2\/posts\/21016","targetHints":{"allow":["GET"]}}],"collection":[{"href":"https:\/\/www.ambienteyenergia.gob.ec\/ambiente\/wp-json\/wp\/v2\/posts"}],"about":[{"href":"https:\/\/www.ambienteyenergia.gob.ec\/ambiente\/wp-json\/wp\/v2\/types\/post"}],"author":[{"embeddable":true,"href":"https:\/\/www.ambienteyenergia.gob.ec\/ambiente\/wp-json\/wp\/v2\/users\/13"}],"replies":[{"embeddable":true,"href":"https:\/\/www.ambienteyenergia.gob.ec\/ambiente\/wp-json\/wp\/v2\/comments?post=21016"}],"version-history":[{"count":0,"href":"https:\/\/www.ambienteyenergia.gob.ec\/ambiente\/wp-json\/wp\/v2\/posts\/21016\/revisions"}],"wp:featuredmedia":[{"embeddable":true,"href":"https:\/\/www.ambienteyenergia.gob.ec\/ambiente\/wp-json\/wp\/v2\/media\/21017"}],"wp:attachment":[{"href":"https:\/\/www.ambienteyenergia.gob.ec\/ambiente\/wp-json\/wp\/v2\/media?parent=21016"}],"wp:term":[{"taxonomy":"category","embeddable":true,"href":"https:\/\/www.ambienteyenergia.gob.ec\/ambiente\/wp-json\/wp\/v2\/categories?post=21016"},{"taxonomy":"post_tag","embeddable":true,"href":"https:\/\/www.ambienteyenergia.gob.ec\/ambiente\/wp-json\/wp\/v2\/tags?post=21016"}],"curies":[{"name":"wp","href":"https:\/\/api.w.org\/{rel}","templated":true}]}}