{"id":21013,"date":"2014-06-23T09:54:50","date_gmt":"2014-06-23T14:54:50","guid":{"rendered":"http:\/\/www.ambiente.gob.ec\/?p=21013"},"modified":"2014-07-07T13:19:57","modified_gmt":"2014-07-07T18:19:57","slug":"mae-promueve-ecoturismo-en-manglares-el-salado","status":"publish","type":"post","link":"https:\/\/www.ambienteyenergia.gob.ec\/ambiente\/mae-promueve-ecoturismo-en-manglares-el-salado\/","title":{"rendered":"MAE promueve ecoturismo en Manglares El Salado"},"content":{"rendered":"<p style=\"text-align: justify;\">La Reserva de Producci\u00f3n de Fauna Manglares del Salado, ubicada en la ciudad de Guayaquil, fue el escenario perfecto para realizar un recorrido con estudiantes y poblaci\u00f3n en general, quienes aprendieron m\u00e1s sobre el \u00e1rea protegida. El objetivo fue impulsar la educaci\u00f3n ambiental a trav\u00e9s de una visita did\u00e1ctica que mostr\u00f3 todos los atractivos recreativos y ambientales con los que cuenta la zona.<\/p>\n<p style=\"text-align: justify;\">Durante el trayecto, se explic\u00f3 sobre la gran biodiversidad de especies que posee este importante brazo de mar. Entre ellos est\u00e1n los cangrejos, jaibas, conchas, ostiones y mejillones. Adem\u00e1s, alberga 48 tipos de plantas, 79 aves, 12 mam\u00edferos, siete anfibios y 20 tipos de peces.<\/p>\n<p style=\"text-align: justify;\">De la misma forma,\u00a0 guardaparques del \u00e1rea protegida indicaron que entre las actividades que se pueden realizar en la reserva est\u00e1n recorridos con gu\u00edaza, navegaci\u00f3n en lancha y visitas al Centro de Educaci\u00f3n Ambiental.<\/p>\n<p style=\"text-align: justify;\">El MAE a trav\u00e9s de un este recorrido guiado busca promocionar la Reserva Ecol\u00f3gica Manglares Churrute y as\u00ed consolidar un turismo sostenible que beneficie a la poblaci\u00f3n local y la conservaci\u00f3n.<\/p>\n","protected":false},"excerpt":{"rendered":"<p class=\"excerpt\">La Reserva de Producci\u00f3n de Fauna Manglares del Salado, ubicada en la ciudad de Guayaquil, fue el escenario perfecto para realizar un recorrido con estudiantes y poblaci\u00f3n en general, quienes aprendieron m\u00e1s sobre el \u00e1rea protegida. El objetivo fue impulsar la educaci\u00f3n ambiental a trav\u00e9s de una visita did\u00e1ctica que mostr\u00f3 todos los atractivos recreativos y ambientales con los que&hellip; <a href=\"https:\/\/www.ambienteyenergia.gob.ec\/ambiente\/mae-promueve-ecoturismo-en-manglares-el-salado\/\">Read more &rarr;<\/a><\/p>\n","protected":false},"author":13,"featured_media":21014,"comment_status":"open","ping_status":"open","sticky":false,"template":"","format":"standard","meta":{"footnotes":""},"categories":[16,4],"tags":[],"class_list":["post-21013","post","type-post","status-publish","format-standard","has-post-thumbnail","hentry","category-comunicamos","category-noticias","xfolkentry"],"_links":{"self":[{"href":"https:\/\/www.ambienteyenergia.gob.ec\/ambiente\/wp-json\/wp\/v2\/posts\/21013","targetHints":{"allow":["GET"]}}],"collection":[{"href":"https:\/\/www.ambienteyenergia.gob.ec\/ambiente\/wp-json\/wp\/v2\/posts"}],"about":[{"href":"https:\/\/www.ambienteyenergia.gob.ec\/ambiente\/wp-json\/wp\/v2\/types\/post"}],"author":[{"embeddable":true,"href":"https:\/\/www.ambienteyenergia.gob.ec\/ambiente\/wp-json\/wp\/v2\/users\/13"}],"replies":[{"embeddable":true,"href":"https:\/\/www.ambienteyenergia.gob.ec\/ambiente\/wp-json\/wp\/v2\/comments?post=21013"}],"version-history":[{"count":0,"href":"https:\/\/www.ambienteyenergia.gob.ec\/ambiente\/wp-json\/wp\/v2\/posts\/21013\/revisions"}],"wp:featuredmedia":[{"embeddable":true,"href":"https:\/\/www.ambienteyenergia.gob.ec\/ambiente\/wp-json\/wp\/v2\/media\/21014"}],"wp:attachment":[{"href":"https:\/\/www.ambienteyenergia.gob.ec\/ambiente\/wp-json\/wp\/v2\/media?parent=21013"}],"wp:term":[{"taxonomy":"category","embeddable":true,"href":"https:\/\/www.ambienteyenergia.gob.ec\/ambiente\/wp-json\/wp\/v2\/categories?post=21013"},{"taxonomy":"post_tag","embeddable":true,"href":"https:\/\/www.ambienteyenergia.gob.ec\/ambiente\/wp-json\/wp\/v2\/tags?post=21013"}],"curies":[{"name":"wp","href":"https:\/\/api.w.org\/{rel}","templated":true}]}}