{"id":21005,"date":"2014-06-20T21:39:37","date_gmt":"2014-06-21T02:39:37","guid":{"rendered":"http:\/\/www.ambiente.gob.ec\/?p=21005"},"modified":"2014-06-20T21:39:37","modified_gmt":"2014-06-21T02:39:37","slug":"ministra-del-ambiente-lorena-tapia-inauguro-lancha-solaris","status":"publish","type":"post","link":"https:\/\/www.ambienteyenergia.gob.ec\/ambiente\/ministra-del-ambiente-lorena-tapia-inauguro-lancha-solaris\/","title":{"rendered":"Ministra del Ambiente, Lorena Tapia, inaugur\u00f3 Lancha \u201cSolaris\u201d"},"content":{"rendered":"<p style=\"text-align: justify;\">Esta es la primera embarcaci\u00f3n en Gal\u00e1pagos que opera con tecnolog\u00eda verde y energ\u00eda limpia.<\/p>\n<p style=\"text-align: justify;\">Esta ma\u00f1ana, en el muelle San Francisco, de Puerto Ayora (Gal\u00e1pagos), la Ministra del Ambiente, Lorena Tapia, inaugur\u00f3 la lancha solar \u201cSolaris\u201d. Una iniciativa desarrollada por esta Cartera de Estado, a trav\u00e9s de la Direcci\u00f3n del Parque Nacional Gal\u00e1pagos (DPNG), en coordinaci\u00f3n con el Fondo Mundial para la Naturaleza (WWF), como parte de los esfuerzos empleados en la b\u00fasqueda de alternativas para la generaci\u00f3n de energ\u00edas limpias en la provincia.<\/p>\n<p style=\"text-align: justify;\">La lancha \u201cSolaris\u201d debe su nombre a la estrella de mar Heliaster Solaris, especie end\u00e9mica de Gal\u00e1pagos vista por \u00faltima vez en 1983. Tiene ocho paneles solares que capturan la energ\u00eda que permite la operatividad de un peque\u00f1o motor, de todos los aparatos el\u00e9ctricos y de los equipos de navegaci\u00f3n. Puede navegar hasta con 11 personas a 7 nudos de velocidad.<\/p>\n<p style=\"text-align: justify;\">\u201cSolaris es un ejemplo de la aplicaci\u00f3n de tecnolog\u00eda verde para la producci\u00f3n de energ\u00eda limpia en el archipi\u00e9lago mejor conservado del mundo. Queremos ser una sociedad desarrollada, innovadora, exitosa, pero tambi\u00e9n queremos ser una sociedad m\u00e1s responsable con el ambiente\u201d, manifest\u00f3 la Ministra Tapia, durante la inauguraci\u00f3n.<\/p>\n<p style=\"text-align: justify;\">En el acto estuvieron presentes el Director (e) del Parque Nacional Gal\u00e1pagos, V\u00edctor Carri\u00f3n; Juan Carlos Garc\u00eda, representante de la WWF programa Gal\u00e1pagos; Leopoldo Bucheli, Alcalde de Santa Cruz; Pedro Zapata, Alcalde de San Crist\u00f3bal, entre otras autoridades locales. Adem\u00e1s, participaron de esta ceremonia Tina Hamilton, C\u00f3nsul y Jefe de Misi\u00f3n Adjunta de la Embajada de Reino Unido y Galo Abril, C\u00f3nsul Honorario de Suecia en Ecuador.<\/p>\n<p style=\"text-align: justify;\">La Solaris es el principio de un gran proyecto que involucra la sensibilizaci\u00f3n de los habitantes de Gal\u00e1pagos sobre el cuidado de este patrimonio, a trav\u00e9s de salidas interpretadas para promover el conocimiento y la apropiaci\u00f3n ecol\u00f3gica de las bah\u00edas de los puertos poblados.<\/p>\n<p style=\"text-align: justify;\">Convenio<\/p>\n<p style=\"text-align: justify;\">Dentro de esta ceremonia se realiz\u00f3 la firma de un convenio entre el Ministerio del Ambiente de Ecuador (MAE) y el Consorcio Estatal Sueco Boras Waste Recovery AB, para mejorar la gesti\u00f3n del manejo integral de residuos s\u00f3lidos en Gal\u00e1pagos.<\/p>\n<p style=\"text-align: justify;\">El objetivo de este convenio es fortalecer la cooperaci\u00f3n t\u00e9cnica entre las instituciones de ambos pa\u00edses, mediante una alianza estrat\u00e9gica en construcci\u00f3n de sistemas de gesti\u00f3n de residuos s\u00f3lidos, as\u00ed como la implementaci\u00f3n de mecanismos de tecnolog\u00edas limpias y que pretendan fortalecer la econom\u00eda verde de las partes, cooperaci\u00f3n t\u00e9cnica en la investigaci\u00f3n ambiental, asesor\u00eda, capacitaci\u00f3n, intercambio e impulso en el desarrollo de iniciativas relacionadas a temas de inter\u00e9s com\u00fan, de conformidad con sus competencias y la normativa legal vigente de cada parte contratante.<\/p>\n<p style=\"text-align: justify;\">\u201cEs importante recalcar que todas las acciones del MAE son estrat\u00e9gicas y complementarias. Este convenio permitir\u00e1 procesar los desechos s\u00f3lidos que genera la comunidad para convertirlos en energ\u00eda alternativa\u201d, afirm\u00f3 la Titular de la Cartera de Ambiente.<\/p>\n<p style=\"text-align: justify;\">Apadrinamiento de tortugas.<\/p>\n<p style=\"text-align: justify;\">Luego de la inauguraci\u00f3n, la Ministra Tapia y la comitiva conformada por los alcaldes de Santa Cruz y San Crist\u00f3bal; el C\u00f3nsul Honorario de Suecia y la C\u00f3nsul de la Embajada de Reino Unido, participaron en el apadrinamiento de tortugas terrestres, en el centro de crianza de la DPNG.<\/p>\n<p style=\"text-align: justify;\">La Secretaria de Ambiente y la c\u00f3nsul Hamilton se convirtieron en las madrina de las tortugas \u201cNatalia\u201d (No.27 Chelonoides hoodensis) y \u201cSiria\u201d (No. 03 Chelonoidis ephippium), de las islas Espa\u00f1ola y Pinz\u00f3n, respectivamente.<\/p>\n<p style=\"text-align: justify;\">Por su parte, el C\u00f3nsul de Suecia, apadrin\u00f3 a \u201cVirjo (Chelonoides hoodensis ), la tortuga No. 75 de la isla Espa\u00f1ola. Mientras que el Alcalde Bucheli apadrin\u00f3 \u201cSoplador\u201d (Chelonoidis Darwini), la tortuga No. 80 de la isla Santiago; y el alcalde Zapata a \u201cCrist\u00f3bal\u201d (Chelonoidis hoodensis), tortuga No. 80 de la especie de la isla Espa\u00f1ola.<\/p>\n<p style=\"text-align: justify;\">La Ministra del Ambiente, continuar\u00e1 con el cumplimiento de otras actividades relacionadas con la gesti\u00f3n ambiental en el archipi\u00e9lago.<\/p>\n","protected":false},"excerpt":{"rendered":"<p class=\"excerpt\">Esta es la primera embarcaci\u00f3n en Gal\u00e1pagos que opera con tecnolog\u00eda verde y energ\u00eda limpia. Esta ma\u00f1ana, en el muelle San Francisco, de Puerto Ayora (Gal\u00e1pagos), la Ministra del Ambiente, Lorena Tapia, inaugur\u00f3 la lancha solar \u201cSolaris\u201d. Una iniciativa desarrollada por esta Cartera de Estado, a trav\u00e9s de la Direcci\u00f3n del Parque Nacional Gal\u00e1pagos (DPNG), en coordinaci\u00f3n con el Fondo&hellip; <a href=\"https:\/\/www.ambienteyenergia.gob.ec\/ambiente\/ministra-del-ambiente-lorena-tapia-inauguro-lancha-solaris\/\">Read more &rarr;<\/a><\/p>\n","protected":false},"author":13,"featured_media":21007,"comment_status":"open","ping_status":"open","sticky":false,"template":"","format":"standard","meta":{"footnotes":""},"categories":[16,4],"tags":[494,387,152,521],"class_list":["post-21005","post","type-post","status-publish","format-standard","has-post-thumbnail","hentry","category-comunicamos","category-noticias","tag-direccion-parque-nacional-galapagos","tag-mae-lorena-tapia","tag-patrimonio-mundial","tag-solaris","xfolkentry"],"_links":{"self":[{"href":"https:\/\/www.ambienteyenergia.gob.ec\/ambiente\/wp-json\/wp\/v2\/posts\/21005","targetHints":{"allow":["GET"]}}],"collection":[{"href":"https:\/\/www.ambienteyenergia.gob.ec\/ambiente\/wp-json\/wp\/v2\/posts"}],"about":[{"href":"https:\/\/www.ambienteyenergia.gob.ec\/ambiente\/wp-json\/wp\/v2\/types\/post"}],"author":[{"embeddable":true,"href":"https:\/\/www.ambienteyenergia.gob.ec\/ambiente\/wp-json\/wp\/v2\/users\/13"}],"replies":[{"embeddable":true,"href":"https:\/\/www.ambienteyenergia.gob.ec\/ambiente\/wp-json\/wp\/v2\/comments?post=21005"}],"version-history":[{"count":0,"href":"https:\/\/www.ambienteyenergia.gob.ec\/ambiente\/wp-json\/wp\/v2\/posts\/21005\/revisions"}],"wp:featuredmedia":[{"embeddable":true,"href":"https:\/\/www.ambienteyenergia.gob.ec\/ambiente\/wp-json\/wp\/v2\/media\/21007"}],"wp:attachment":[{"href":"https:\/\/www.ambienteyenergia.gob.ec\/ambiente\/wp-json\/wp\/v2\/media?parent=21005"}],"wp:term":[{"taxonomy":"category","embeddable":true,"href":"https:\/\/www.ambienteyenergia.gob.ec\/ambiente\/wp-json\/wp\/v2\/categories?post=21005"},{"taxonomy":"post_tag","embeddable":true,"href":"https:\/\/www.ambienteyenergia.gob.ec\/ambiente\/wp-json\/wp\/v2\/tags?post=21005"}],"curies":[{"name":"wp","href":"https:\/\/api.w.org\/{rel}","templated":true}]}}