{"id":21002,"date":"2014-06-20T15:54:27","date_gmt":"2014-06-20T20:54:27","guid":{"rendered":"http:\/\/www.ambiente.gob.ec\/?p=21002"},"modified":"2014-06-20T15:54:27","modified_gmt":"2014-06-20T20:54:27","slug":"mae-y-midena-llevan-a-cabo-un-taller-para-la-elaboracion-de-protocolos-para-el-cumplimiento-de-la-nota-reversal","status":"publish","type":"post","link":"https:\/\/www.ambienteyenergia.gob.ec\/ambiente\/mae-y-midena-llevan-a-cabo-un-taller-para-la-elaboracion-de-protocolos-para-el-cumplimiento-de-la-nota-reversal\/","title":{"rendered":"MAE y MIDENA llevan a cabo un taller para la elaboraci\u00f3n de protocolos para el cumplimiento de la Nota Reversal"},"content":{"rendered":"<p style=\"text-align: justify;\">Desde ayer se lleva a cabo el &#8216;Taller para la elaboraci\u00f3n de Protocolos Tem\u00e1ticos que faciliten el cumplimiento de los compromisos establecidos en la Nota Reversal&#8217; suscrita entre el Ministerio del Ambiente de Ecuador (MAE) y Ministerio de Defensa Nacional (MIDENA), con la finalidad de realizar una planificaci\u00f3n estrat\u00e9gica de Coordinaci\u00f3n Interinstitucional.<\/p>\n<p style=\"text-align: justify;\">Durante la jornada de trabajo, que culmin\u00f3 hoy, se realizaron mesas de trabajo en base a cuatro ejes tem\u00e1ticos, con la colaboraci\u00f3n de funcionarios de esta Cartera de Estado y delegados del Comando Conjunto (COMACO) de las Fuerzas Armadas (Fuerza A\u00e9rea, Fuerza Terrestre y Fuerza Naval).<\/p>\n<p style=\"text-align: justify;\">Una vez culminado el espacio de exposiciones sobre el Programa de Incentivos Socio Bosque, Control y Restauraci\u00f3n Forestal, Recursos Estrat\u00e9gicos de Biodiversidad, Lineamientos Ambientales de las Fuerzas Armadas, se procedi\u00f3 a organizar mesas tem\u00e1ticas para trabajar en aspectos relacionados a la transferencia de conocimientos ambientales,el control de tr\u00e1fico ilegal de recursos naturales, la conservaci\u00f3n y restauraci\u00f3n de ecosistemas y la gesti\u00f3n y regularizaci\u00f3n ambiental en repartos militares.<\/p>\n<p style=\"text-align: justify;\">En cada una de las mesas de trabajo se debati\u00f3 sobre el protocolo, funciones, lineamientos, objetivos, espacios e instrumentos de coordinaci\u00f3n y la descripci\u00f3n de los roles y responsabilidades de ejecuci\u00f3n para cada una de las instituciones involucradas en la Nota Reversal, firmada el pasado 22 de mayo por las m\u00e1ximas autoridades de las dos Secretar\u00edas de Estado. Los acuerdos conjuntos contienen temas de inter\u00e9s nacional sobre la Codificaci\u00f3n a la Ley Forestal y de Conservaci\u00f3n de \u00c1reas Naturales y Vida Silvestre, que establece que la planificaci\u00f3n, manejo, desarrollo, administraci\u00f3n, protecci\u00f3n y control del patrimonio de \u00e1reas naturales del Estado, estar\u00e1 a cargo del MAE, para cuyo fin contar\u00e1 con la intervenci\u00f3n estrat\u00e9gica de las FF.AA.<\/p>\n<p style=\"text-align: justify;\">Adem\u00e1s los compromisos establecidos en la Nota, por parte de esta Cartera de Estado se relacionan con el asesoramiento t\u00e9cnico en la regularizaci\u00f3n y manejo sustentable ambiental de los recintos militares a nivel nacional, capacitaci\u00f3n espec\u00edfica en temas ambientales a los miembros de las Fuerzas Armadas, de acuerdo a las necesidades institucionales, adem\u00e1s de la integraci\u00f3n de la tem\u00e1tica ambiental en el p\u00e9nsum de estudios de las escuelas de formaci\u00f3n.<\/p>\n<p style=\"text-align: justify;\">En la mesa tem\u00e1tica sobre Desarrollo de capacidades ambientales, se trataron temas sobre la inclusi\u00f3n de educaci\u00f3n ambiental en el p\u00e9nsum acad\u00e9mico de las Fuerzas Armadas, para fomentar actividades de capacitaci\u00f3n y ense\u00f1anza en las escuelas de formaci\u00f3n militar, en el marco de la normativa ambiental vigente, a trav\u00e9s de diferentes mecanismos como cursos virtuales y talleres en las diferentes brigadas del COMACO, por medio de alianzas con la Escuela Polit\u00e9cnica del Ej\u00e9rcito (ESPE).<\/p>\n<p style=\"text-align: justify;\">El trabajo en relaci\u00f3n a Control de tr\u00e1fico ilegal de recursos naturales, se determin\u00f3 el nivel de cooperaci\u00f3n del Comando Conjunto en relaci\u00f3n a la participaci\u00f3n en operativos de control de tr\u00e1fico ilegal, fragmentaci\u00f3n y p\u00e9rdida del h\u00e1bitat natural, prevenci\u00f3n en la sobreexplotaci\u00f3n de recursos y planes de desarrollo ambiental. Adem\u00e1s se discuti\u00f3 sobre temas de control de miner\u00eda artesanal en zonas de conflicto y conformaci\u00f3n de la comisi\u00f3n de las Fuerzas Armadas para un trabajo \u00e1gil y efectivo en los procesos de control.<\/p>\n<p style=\"text-align: justify;\">La Conservaci\u00f3n y Restauraci\u00f3n de Ecosistemas, se relaciona con el Programa Socio Bosque y sus programas de conservaci\u00f3n y restauraci\u00f3n forestal, que es una de las iniciativas que las Fuerzas Armadas pueden realizar, a trav\u00e9s de proyectos de reforestaci\u00f3n y conservaci\u00f3n forestal en sus destacamentos, as\u00ed como tambi\u00e9n de espacios destinados para sus operaciones.<\/p>\n<p style=\"text-align: justify;\">Otra de las tem\u00e1ticas trabajadas fue sobre la Gesti\u00f3n y regularizaci\u00f3n ambiental en repartos militares, a trav\u00e9s del apoyo t\u00e9cnico del MAE en el cual determina la creaci\u00f3n de procesos de tratamiento de aguas dom\u00e9sticas e industriales, que se generan en los destacamentos de las Fuerzas Armadas, para evitar la descarga de aguas contaminadas en afluentes de agua cercanas a los lugares de operaci\u00f3n militar. Adem\u00e1s se busca realizar gesti\u00f3n de desechos y residuos que se generan en estos lugares, por medio de diferentes iniciativas al interior de los repartos, con el fin de que las operaciones militares se desarrollen en el marco de la normativa ambiental vigente, con responsabilidad ambiental, evitando la degradaci\u00f3n de la diversidad biol\u00f3gica.<\/p>\n<p style=\"text-align: justify;\">Una vez finalizadas estas actividades, las mesas tem\u00e1ticas de trabajo, realizaron una presentaci\u00f3n a todos los participantes para dar a conocer los protocolos establecidos durante los dos d\u00edas de trabajo, entre las cuales se numeran las principales:<\/p>\n<ul>\n<li style=\"text-align: justify;\">Incorporar tem\u00e1ticas ambientales en el p\u00e9nsum de estudios en las escuelas de formaci\u00f3n de las Fuerzas Armadas. A fin de contar con especialistas, tanto a nivel de Oficiales y Tropa. Adem\u00e1s de definir un programa de capacitaci\u00f3n ambiental en repartos militares, con la finalidad de evaluar la efectividad de estos procesos.<\/li>\n<li style=\"text-align: justify;\">El Comando Conjunto determinar\u00e1 de manera oficial la comisi\u00f3n t\u00e9cnica especializada de las fuerzas armadas, para finalizar la elaboraci\u00f3n y aprobaci\u00f3n de los protocolos de la Nota Reversal, con el objetivo de establecer un procedimiento de coordinaci\u00f3n determinando la intervenci\u00f3n de cada una de las partes para la ejecuci\u00f3n de las actividades de control que realiza la Autoridad Ambiental Nacional sobre la movilizaci\u00f3n, tr\u00e1fico y comercializaci\u00f3n de vida silvestre y productos forestales.<\/li>\n<li style=\"text-align: justify;\">Cooperaci\u00f3n, apoyo e intercambio de conocimientos en los proyectos de aplicaci\u00f3n t\u00e9cnica, tecnol\u00f3gica y cient\u00edfica, en \u00e1reas de cartograf\u00eda, oceanograf\u00eda y aeroespacial, as\u00ed como tambi\u00e9n en la recuperaci\u00f3n de espacios naturales y prioritarios, que manejen y administren las Fuerzas Armadas.<\/li>\n<li style=\"text-align: justify;\">Iniciar el proceso de regularizaci\u00f3n de las unidades o repartos militares, por medio de la obtenci\u00f3n de la licencia ambiental, previa a la presentaci\u00f3n de los planes de manejo y ficha ambiental de operaciones de los destacamentos, a trav\u00e9s del cumplimiento del Acuerdo Ministerial N\u00b0 146 para este fin.<\/li>\n<\/ul>\n","protected":false},"excerpt":{"rendered":"<p class=\"excerpt\">Desde ayer se lleva a cabo el &#8216;Taller para la elaboraci\u00f3n de Protocolos Tem\u00e1ticos que faciliten el cumplimiento de los compromisos establecidos en la Nota Reversal&#8217; suscrita entre el Ministerio del Ambiente de Ecuador (MAE) y Ministerio de Defensa Nacional (MIDENA), con la finalidad de realizar una planificaci\u00f3n estrat\u00e9gica de Coordinaci\u00f3n Interinstitucional. Durante la jornada de trabajo, que culmin\u00f3 hoy,&hellip; <a href=\"https:\/\/www.ambienteyenergia.gob.ec\/ambiente\/mae-y-midena-llevan-a-cabo-un-taller-para-la-elaboracion-de-protocolos-para-el-cumplimiento-de-la-nota-reversal\/\">Read more &rarr;<\/a><\/p>\n","protected":false},"author":13,"featured_media":21003,"comment_status":"open","ping_status":"open","sticky":false,"template":"","format":"standard","meta":{"footnotes":""},"categories":[16,4],"tags":[387,501,498],"class_list":["post-21002","post","type-post","status-publish","format-standard","has-post-thumbnail","hentry","category-comunicamos","category-noticias","tag-mae-lorena-tapia","tag-midena","tag-nota-reversal","xfolkentry"],"_links":{"self":[{"href":"https:\/\/www.ambienteyenergia.gob.ec\/ambiente\/wp-json\/wp\/v2\/posts\/21002","targetHints":{"allow":["GET"]}}],"collection":[{"href":"https:\/\/www.ambienteyenergia.gob.ec\/ambiente\/wp-json\/wp\/v2\/posts"}],"about":[{"href":"https:\/\/www.ambienteyenergia.gob.ec\/ambiente\/wp-json\/wp\/v2\/types\/post"}],"author":[{"embeddable":true,"href":"https:\/\/www.ambienteyenergia.gob.ec\/ambiente\/wp-json\/wp\/v2\/users\/13"}],"replies":[{"embeddable":true,"href":"https:\/\/www.ambienteyenergia.gob.ec\/ambiente\/wp-json\/wp\/v2\/comments?post=21002"}],"version-history":[{"count":0,"href":"https:\/\/www.ambienteyenergia.gob.ec\/ambiente\/wp-json\/wp\/v2\/posts\/21002\/revisions"}],"wp:featuredmedia":[{"embeddable":true,"href":"https:\/\/www.ambienteyenergia.gob.ec\/ambiente\/wp-json\/wp\/v2\/media\/21003"}],"wp:attachment":[{"href":"https:\/\/www.ambienteyenergia.gob.ec\/ambiente\/wp-json\/wp\/v2\/media?parent=21002"}],"wp:term":[{"taxonomy":"category","embeddable":true,"href":"https:\/\/www.ambienteyenergia.gob.ec\/ambiente\/wp-json\/wp\/v2\/categories?post=21002"},{"taxonomy":"post_tag","embeddable":true,"href":"https:\/\/www.ambienteyenergia.gob.ec\/ambiente\/wp-json\/wp\/v2\/tags?post=21002"}],"curies":[{"name":"wp","href":"https:\/\/api.w.org\/{rel}","templated":true}]}}