{"id":20999,"date":"2014-06-20T15:31:25","date_gmt":"2014-06-20T20:31:25","guid":{"rendered":"http:\/\/www.ambiente.gob.ec\/?p=20999"},"modified":"2014-06-22T08:50:07","modified_gmt":"2014-06-22T13:50:07","slug":"ministra-lorena-tapia-firmo-convenio-de-cooperacion-tecnica-con-suecia-en-materia-de-gestion-de-residuos-solidos","status":"publish","type":"post","link":"https:\/\/www.ambienteyenergia.gob.ec\/ambiente\/ministra-lorena-tapia-firmo-convenio-de-cooperacion-tecnica-con-suecia-en-materia-de-gestion-de-residuos-solidos\/","title":{"rendered":"Ministra Lorena Tapia firm\u00f3 convenio de cooperaci\u00f3n t\u00e9cnica con Suecia en materia de gesti\u00f3n de residuos s\u00f3lidos"},"content":{"rendered":"<p style=\"text-align: justify;\">El Ministerio del Ambiente (MAE) vela por la creaci\u00f3n de un ambiente sano, respetando los derechos de la naturaleza y garantizando un modelo sustentable de desarrollo ambiental, que conserve la biodiversidad y asegure la satisfacci\u00f3n de las necesidades de las generaciones presentes y futuras.<\/p>\n<p style=\"text-align: justify;\">En ese sentido, la Ministra del Ambiente, Lorena Tapia, suscribi\u00f3 hoy, un convenio de cooperaci\u00f3n t\u00e9cnico-cient\u00edfico con el Consorcio Estatal Sueco Boras Waste Recovery AB (BWR), con el objetivo de generar una alianza estrat\u00e9gica en materia de gesti\u00f3n de residuos s\u00f3lidos, a trav\u00e9s de la implementaci\u00f3n de tecnolog\u00edas limpias que fortalezcan la econom\u00eda verde de ambas partes.<\/p>\n<p style=\"text-align: justify;\">El eje central de este convenio es la transferencia de conocimiento, para lo cual se ejecutar\u00e1n talleres, seminarios, cursos, pasant\u00edas y dem\u00e1s eventos de actualizaci\u00f3n de capacidades. Adem\u00e1s se trabajar\u00e1 de manera conjunta en elaboraci\u00f3n, desarrollo e implementaci\u00f3n de planes, programas y proyectos relacionados a la construcci\u00f3n de sistemas de gesti\u00f3n de residuos s\u00f3lidos y otros de car\u00e1cter ambiental.<\/p>\n<p style=\"text-align: justify;\">El convenio inici\u00f3 con una visita t\u00e9cnica de la misi\u00f3n Sueca conformada por Jessica Magnusson (SP Technical Research Institute of Sweden) y Linda Eliasson (Boris Enery and Environment), especialistas en el \u00e1rea de aprovechamiento y Gesti\u00f3n Integral de Residuos S\u00f3lidos de la ciudad de Boras &#8211; Suecia, quienes recorrieron las Islas Gal\u00e1pagos con la finalidad de analizar la situaci\u00f3n actual e impulsar la implementaci\u00f3n de mecanismos sustentables y sostenibles en la gesti\u00f3n integral de residuos s\u00f3lidos en el archipil\u00e9lago. Esta iniciativa que se efectuar\u00e1 en la provincia cuenta con el apoyo de los alcaldes de Santa Cruz, Isabela y San Crist\u00f3bal.<\/p>\n<p style=\"text-align: justify;\">La Ministra Tapia acompa\u00f1\u00f3 a los especialistas en su visita por las Islas Santa Cruz e Isabela. En el trayecto verificaron como se gestionan los residuos s\u00f3lidos en las islas (generaci\u00f3n, recolecci\u00f3n, centros de reciclaje, lugares de aprovechamiento, disposici\u00f3n final). Asimismo, aprovecharon la ocasi\u00f3n para mantener reuniones con autoridades locales y con universidades.<\/p>\n<p style=\"text-align: justify;\">Otro de los puntos del recorrido fue el Centro Integral de Reciclaje Fabricio Valverde, que cuenta con un centro de interpretaci\u00f3n, compostaje y aprovechamiento de inorg\u00e1nicos en el que se destaca el vidrio molido utilizado en construcciones, y un biodigestor.<\/p>\n<p style=\"text-align: justify;\">La M\u00e1xima Autoridad Ambiental reconoce que la gesti\u00f3n integral de residuos s\u00f3lidos es un derecho de la poblaci\u00f3n, que contribuye a vivir en un ambiente sano y ecol\u00f3gicamente equilibrado. Por eso Tapia destac\u00f3 la importancia de suscribir este convenio que fomentar\u00e1 tambi\u00e9n el desarrollo de \u00e1reas de investigaci\u00f3n y control en el manejo de residuos s\u00f3lidos en el pa\u00eds.<\/p>\n<p>&nbsp;<\/p>\n<p>&nbsp;<\/p>\n<p>&nbsp;<\/p>\n<p>&nbsp;<\/p>\n<p>&nbsp;<\/p>\n","protected":false},"excerpt":{"rendered":"<p class=\"excerpt\">El Ministerio del Ambiente (MAE) vela por la creaci\u00f3n de un ambiente sano, respetando los derechos de la naturaleza y garantizando un modelo sustentable de desarrollo ambiental, que conserve la biodiversidad y asegure la satisfacci\u00f3n de las necesidades de las generaciones presentes y futuras. En ese sentido, la Ministra del Ambiente, Lorena Tapia, suscribi\u00f3 hoy, un convenio de cooperaci\u00f3n t\u00e9cnico-cient\u00edfico&hellip; <a href=\"https:\/\/www.ambienteyenergia.gob.ec\/ambiente\/ministra-lorena-tapia-firmo-convenio-de-cooperacion-tecnica-con-suecia-en-materia-de-gestion-de-residuos-solidos\/\">Read more &rarr;<\/a><\/p>\n","protected":false},"author":13,"featured_media":21001,"comment_status":"open","ping_status":"open","sticky":false,"template":"","format":"standard","meta":{"footnotes":""},"categories":[16,4],"tags":[],"class_list":["post-20999","post","type-post","status-publish","format-standard","has-post-thumbnail","hentry","category-comunicamos","category-noticias","xfolkentry"],"_links":{"self":[{"href":"https:\/\/www.ambienteyenergia.gob.ec\/ambiente\/wp-json\/wp\/v2\/posts\/20999","targetHints":{"allow":["GET"]}}],"collection":[{"href":"https:\/\/www.ambienteyenergia.gob.ec\/ambiente\/wp-json\/wp\/v2\/posts"}],"about":[{"href":"https:\/\/www.ambienteyenergia.gob.ec\/ambiente\/wp-json\/wp\/v2\/types\/post"}],"author":[{"embeddable":true,"href":"https:\/\/www.ambienteyenergia.gob.ec\/ambiente\/wp-json\/wp\/v2\/users\/13"}],"replies":[{"embeddable":true,"href":"https:\/\/www.ambienteyenergia.gob.ec\/ambiente\/wp-json\/wp\/v2\/comments?post=20999"}],"version-history":[{"count":0,"href":"https:\/\/www.ambienteyenergia.gob.ec\/ambiente\/wp-json\/wp\/v2\/posts\/20999\/revisions"}],"wp:featuredmedia":[{"embeddable":true,"href":"https:\/\/www.ambienteyenergia.gob.ec\/ambiente\/wp-json\/wp\/v2\/media\/21001"}],"wp:attachment":[{"href":"https:\/\/www.ambienteyenergia.gob.ec\/ambiente\/wp-json\/wp\/v2\/media?parent=20999"}],"wp:term":[{"taxonomy":"category","embeddable":true,"href":"https:\/\/www.ambienteyenergia.gob.ec\/ambiente\/wp-json\/wp\/v2\/categories?post=20999"},{"taxonomy":"post_tag","embeddable":true,"href":"https:\/\/www.ambienteyenergia.gob.ec\/ambiente\/wp-json\/wp\/v2\/tags?post=20999"}],"curies":[{"name":"wp","href":"https:\/\/api.w.org\/{rel}","templated":true}]}}