{"id":20993,"date":"2014-06-20T13:09:19","date_gmt":"2014-06-20T18:09:19","guid":{"rendered":"http:\/\/www.ambiente.gob.ec\/?p=20993"},"modified":"2014-06-20T13:09:19","modified_gmt":"2014-06-20T18:09:19","slug":"mae-se-suma-a-la-iniciativa-semillas-de-quinua-con-diferentes-actividades-en-planteles-educativos-de-quito","status":"publish","type":"post","link":"https:\/\/www.ambienteyenergia.gob.ec\/ambiente\/mae-se-suma-a-la-iniciativa-semillas-de-quinua-con-diferentes-actividades-en-planteles-educativos-de-quito\/","title":{"rendered":"MAE se suma a la iniciativa \u00abSemillas de Quinua\u00bb con diferentes actividades en planteles educativos de Quito"},"content":{"rendered":"<p style=\"text-align: justify;\">El Ministerio del Ambiente de Ecuador (MAE), a trav\u00e9s de la Direcci\u00f3n Provincial del Ambiente de Pichincha, particip\u00f3 en los encuentros de conformaci\u00f3n de la mesa intersectorial de Planificaci\u00f3n en Promoci\u00f3n de la Salud, denominada \u201cSemillas de Quinua\u201d, como una iniciativa conjunta del Ministerio de Salud P\u00fablica (MSP), por medio de su Coordinaci\u00f3n Zonal N\u00b0 9 y el Ministerio de Coordinaci\u00f3n de Desarrollo Social.<\/p>\n<p style=\"text-align: justify;\">Este encuentro es un espacio in\u00e9dito de construcci\u00f3n t\u00e9cnico-pol\u00edtica, que propicia la planificaci\u00f3n e intervenci\u00f3n intersectorial en el territorio, garantizando acciones de impacto en las determinantes sociales, la optimizaci\u00f3n de recursos t\u00e9cnicos, econ\u00f3micos y log\u00edsticos, evitando la duplicidad de acciones. En este proceso de planificaci\u00f3n, participaron 39 instituciones del sector p\u00fablico y educativo.<\/p>\n<p style=\"text-align: justify;\">El objetivo de esta mesa de planificaci\u00f3n es el de fortalecer los programas de capacitaci\u00f3n a cerca de 1 700 estudiantes, de los primeros a\u00f1os de bachillerato de colegios de los distritos 2 y 3 del Distrito Metropolitano de Quito (DMQ), en los temas relacionados a la Pachamama, Cambio Clim\u00e1tico, Huella Ecol\u00f3gica, 3R y Buenas Pr\u00e1cticas Ambientales.<\/p>\n<p style=\"text-align: justify;\">La capacitaci\u00f3n con metodolog\u00eda l\u00fadica, se efectu\u00f3 simult\u00e1neamente en 41 aulas, en los recintos de los colegios Mar\u00eda Ang\u00e9lica Idrobo (El Condado), Benjam\u00edn Carri\u00f3n (Comit\u00e9 del Pueblo) y Escuela Helena Cortez Bedoya (Carapungo).<\/p>\n<p style=\"text-align: justify;\">Estas iniciativas de socializaci\u00f3n se realizan con la finalidad de fortalecer los ejes de educaci\u00f3n ambiental a nivel nacional, para vincular de manera directa a estudiantes, para que desde tempranas edades puedan sumar en el cambio actitudinal de todos los ecuatorianos, para poder vivir dentro de un ambiente m\u00e1s sano y un Ecuador m\u00e1s Verde.<\/p>\n","protected":false},"excerpt":{"rendered":"<p class=\"excerpt\">El Ministerio del Ambiente de Ecuador (MAE), a trav\u00e9s de la Direcci\u00f3n Provincial del Ambiente de Pichincha, particip\u00f3 en los encuentros de conformaci\u00f3n de la mesa intersectorial de Planificaci\u00f3n en Promoci\u00f3n de la Salud, denominada \u201cSemillas de Quinua\u201d, como una iniciativa conjunta del Ministerio de Salud P\u00fablica (MSP), por medio de su Coordinaci\u00f3n Zonal N\u00b0 9 y el Ministerio de&hellip; <a href=\"https:\/\/www.ambienteyenergia.gob.ec\/ambiente\/mae-se-suma-a-la-iniciativa-semillas-de-quinua-con-diferentes-actividades-en-planteles-educativos-de-quito\/\">Read more &rarr;<\/a><\/p>\n","protected":false},"author":13,"featured_media":20994,"comment_status":"open","ping_status":"open","sticky":false,"template":"","format":"standard","meta":{"footnotes":""},"categories":[16,4],"tags":[108,53,519,518],"class_list":["post-20993","post","type-post","status-publish","format-standard","has-post-thumbnail","hentry","category-comunicamos","category-noticias","tag-lorena-tapia","tag-mae","tag-ministerio-de-salud-publca","tag-quinua","xfolkentry"],"_links":{"self":[{"href":"https:\/\/www.ambienteyenergia.gob.ec\/ambiente\/wp-json\/wp\/v2\/posts\/20993","targetHints":{"allow":["GET"]}}],"collection":[{"href":"https:\/\/www.ambienteyenergia.gob.ec\/ambiente\/wp-json\/wp\/v2\/posts"}],"about":[{"href":"https:\/\/www.ambienteyenergia.gob.ec\/ambiente\/wp-json\/wp\/v2\/types\/post"}],"author":[{"embeddable":true,"href":"https:\/\/www.ambienteyenergia.gob.ec\/ambiente\/wp-json\/wp\/v2\/users\/13"}],"replies":[{"embeddable":true,"href":"https:\/\/www.ambienteyenergia.gob.ec\/ambiente\/wp-json\/wp\/v2\/comments?post=20993"}],"version-history":[{"count":0,"href":"https:\/\/www.ambienteyenergia.gob.ec\/ambiente\/wp-json\/wp\/v2\/posts\/20993\/revisions"}],"wp:featuredmedia":[{"embeddable":true,"href":"https:\/\/www.ambienteyenergia.gob.ec\/ambiente\/wp-json\/wp\/v2\/media\/20994"}],"wp:attachment":[{"href":"https:\/\/www.ambienteyenergia.gob.ec\/ambiente\/wp-json\/wp\/v2\/media?parent=20993"}],"wp:term":[{"taxonomy":"category","embeddable":true,"href":"https:\/\/www.ambienteyenergia.gob.ec\/ambiente\/wp-json\/wp\/v2\/categories?post=20993"},{"taxonomy":"post_tag","embeddable":true,"href":"https:\/\/www.ambienteyenergia.gob.ec\/ambiente\/wp-json\/wp\/v2\/tags?post=20993"}],"curies":[{"name":"wp","href":"https:\/\/api.w.org\/{rel}","templated":true}]}}