{"id":20990,"date":"2014-06-20T12:50:28","date_gmt":"2014-06-20T17:50:28","guid":{"rendered":"http:\/\/www.ambiente.gob.ec\/?p=20990"},"modified":"2014-06-20T12:50:28","modified_gmt":"2014-06-20T17:50:28","slug":"mae-participo-en-la-cuadragesima-sesion-de-los-organos-subsidiarios-de-la-convencion-marco-de-las-naciones-unidas-sobre-cambio-climatico-cmnucc","status":"publish","type":"post","link":"https:\/\/www.ambienteyenergia.gob.ec\/ambiente\/mae-participo-en-la-cuadragesima-sesion-de-los-organos-subsidiarios-de-la-convencion-marco-de-las-naciones-unidas-sobre-cambio-climatico-cmnucc\/","title":{"rendered":"MAE particip\u00f3 en la Cuadrag\u00e9sima Sesi\u00f3n de los \u00d3rganos Subsidiarios de la Convenci\u00f3n Marco de las Naciones Unidas sobre Cambio Clim\u00e1tico (CMNUCC)"},"content":{"rendered":"<p style=\"text-align: justify;\">El Ecuador forma parte de la Convenci\u00f3n Marco de las Naciones Unidas sobre Cambio Clim\u00e1tico (CMNUCC) y a trav\u00e9s del Ministerio del Ambiente participa activamente en las negociaciones internacionales que actualmente se desarrollan en miras a la Conferencia de las Partes (COP) que tendr\u00e1 lugar en Lima, en el mes de diciembre de este a\u00f1o.<\/p>\n<p style=\"text-align: justify;\">En esta oportunidad, representantes de la Subsecretar\u00eda de Cambio Clim\u00e1tico del MAE asistieron a la Cuadrag\u00e9sima Sesi\u00f3n de los \u00d3rganos Subsidiarios de la CMNUCC que aglutin\u00f3 delegados de 195 pa\u00edses, organizaciones intergubernamentales, no gubernamentales y de la sociedad civil para tratar temas relacionados con pol\u00edticas para el dise\u00f1o de nuevos acuerdos multilaterales y gu\u00edas metodol\u00f3gicas para la implementaci\u00f3n o financiamiento de proyectos o programas de mitigaci\u00f3n o adaptaci\u00f3n al cambio clim\u00e1tico.<\/p>\n<p style=\"text-align: justify;\">Adicionalmente, se mantuvieron reuniones bilaterales con organizaciones no gubernamentales (ONG), sociedad civil, grupos de negociaci\u00f3n como el Grupo de Pa\u00edses en Desarrollo de Pensamiento Af\u00edn (LMDC, por sus siglas en ingl\u00e9s), Alianza Bolivariana para los pueblos de Am\u00e9rica (ALBA), el Grupo de los 77 m\u00e1s China (G77) y otras delegaciones como la Uni\u00f3n Europea, Colombia, Suiza, Per\u00fa, entre otros.<\/p>\n<p style=\"text-align: justify;\">Otro tema en discusi\u00f3n fue el dise\u00f1o del acuerdo 2015, manejado por el grupo de trabajo de la Plataforma de Durban (ADP) y que evidenci\u00f3 los desacuerdos que existen entre pa\u00edses desarrollados, pa\u00edses en desarrollo e incluso dentro de cada uno de estos grupos en relaci\u00f3n con las pol\u00edticas, planes y estrategias de desarrollo para los compromisos de mitigaci\u00f3n ya que para muchos pa\u00edses, \u00e9stos no son temas prioritarios ni reflejan su responsabilidad hist\u00f3rica.<\/p>\n<p style=\"text-align: justify;\">Para el Ecuador, esta reuni\u00f3n result\u00f3 una experiencia positiva para exponer la visi\u00f3n de pa\u00eds y sumar similares puntos de vista con otros pa\u00edses de la regi\u00f3n, lo que sugiere que un rol coordinado podr\u00eda ser clave para el \u00e9xito en la COP de Lima.<\/p>\n<p style=\"text-align: justify;\">El acuerdo clim\u00e1tico se seguir\u00e1 discutiendo durante una nueva sesi\u00f3n en octubre, durante la COP de Lima y a lo largo del 2015. Se debe llegar a un documento final para finales de 2015 el mismo que ser\u00e1 aprobado en Par\u00eds.<\/p>\n<p>&nbsp;<\/p>\n","protected":false},"excerpt":{"rendered":"<p class=\"excerpt\">El Ecuador forma parte de la Convenci\u00f3n Marco de las Naciones Unidas sobre Cambio Clim\u00e1tico (CMNUCC) y a trav\u00e9s del Ministerio del Ambiente participa activamente en las negociaciones internacionales que actualmente se desarrollan en miras a la Conferencia de las Partes (COP) que tendr\u00e1 lugar en Lima, en el mes de diciembre de este a\u00f1o. En esta oportunidad, representantes de&hellip; <a href=\"https:\/\/www.ambienteyenergia.gob.ec\/ambiente\/mae-participo-en-la-cuadragesima-sesion-de-los-organos-subsidiarios-de-la-convencion-marco-de-las-naciones-unidas-sobre-cambio-climatico-cmnucc\/\">Read more &rarr;<\/a><\/p>\n","protected":false},"author":13,"featured_media":20991,"comment_status":"open","ping_status":"open","sticky":false,"template":"","format":"standard","meta":{"footnotes":""},"categories":[16,4],"tags":[],"class_list":["post-20990","post","type-post","status-publish","format-standard","has-post-thumbnail","hentry","category-comunicamos","category-noticias","xfolkentry"],"_links":{"self":[{"href":"https:\/\/www.ambienteyenergia.gob.ec\/ambiente\/wp-json\/wp\/v2\/posts\/20990","targetHints":{"allow":["GET"]}}],"collection":[{"href":"https:\/\/www.ambienteyenergia.gob.ec\/ambiente\/wp-json\/wp\/v2\/posts"}],"about":[{"href":"https:\/\/www.ambienteyenergia.gob.ec\/ambiente\/wp-json\/wp\/v2\/types\/post"}],"author":[{"embeddable":true,"href":"https:\/\/www.ambienteyenergia.gob.ec\/ambiente\/wp-json\/wp\/v2\/users\/13"}],"replies":[{"embeddable":true,"href":"https:\/\/www.ambienteyenergia.gob.ec\/ambiente\/wp-json\/wp\/v2\/comments?post=20990"}],"version-history":[{"count":0,"href":"https:\/\/www.ambienteyenergia.gob.ec\/ambiente\/wp-json\/wp\/v2\/posts\/20990\/revisions"}],"wp:featuredmedia":[{"embeddable":true,"href":"https:\/\/www.ambienteyenergia.gob.ec\/ambiente\/wp-json\/wp\/v2\/media\/20991"}],"wp:attachment":[{"href":"https:\/\/www.ambienteyenergia.gob.ec\/ambiente\/wp-json\/wp\/v2\/media?parent=20990"}],"wp:term":[{"taxonomy":"category","embeddable":true,"href":"https:\/\/www.ambienteyenergia.gob.ec\/ambiente\/wp-json\/wp\/v2\/categories?post=20990"},{"taxonomy":"post_tag","embeddable":true,"href":"https:\/\/www.ambienteyenergia.gob.ec\/ambiente\/wp-json\/wp\/v2\/tags?post=20990"}],"curies":[{"name":"wp","href":"https:\/\/api.w.org\/{rel}","templated":true}]}}