{"id":20987,"date":"2014-06-20T12:33:57","date_gmt":"2014-06-20T17:33:57","guid":{"rendered":"http:\/\/www.ambiente.gob.ec\/?p=20987"},"modified":"2014-06-22T08:56:45","modified_gmt":"2014-06-22T13:56:45","slug":"mae-fortalece-conocimientos-de-estudiantes-politecnicos-en-chimborazo","status":"publish","type":"post","link":"https:\/\/www.ambienteyenergia.gob.ec\/ambiente\/mae-fortalece-conocimientos-de-estudiantes-politecnicos-en-chimborazo\/","title":{"rendered":"MAE fortalece conocimientos de estudiantes Polit\u00e9cnicos en Chimborazo"},"content":{"rendered":"<p style=\"text-align: justify;\">Con la finalidad de aportar al progreso de la educaci\u00f3n superior en el Ecuador, el Ministerio del Ambiente (MAE) desarroll\u00f3 varios talleres acad\u00e9micos sobre el aprovechamiento responsable de recursos forestales en el pa\u00eds, dirigidos a estudiantes y profesores de la Facultad de Recursos Naturales de la Escuela Superior Polit\u00e9cnica de Chimborazo (ESPOCH).<\/p>\n<p style=\"text-align: justify;\">Alrededor de 60 personas provenientes de las escuelas de Forestal, Agronom\u00eda y Ecoturismo participaron en el fortalecimiento de conocimientos adquiridos en las aulas. En el espacio se abordaron otros temas como la Ley Forestal y sus normativas; aval\u00faos y administraci\u00f3n de \u00e1reas naturales y la utilizaci\u00f3n del Sistema de Administraci\u00f3n Forestal (SAF), plataforma virtual que sirve como una herramienta para regular el aprovechamiento de productos maderables y no maderables en el pa\u00eds.<\/p>\n<p style=\"text-align: justify;\">Los talleres, que tuvieron una duraci\u00f3n de cuatro horas, fueron impartidos por los t\u00e9cnicos forestales de la Direcci\u00f3n Provincial de Chimborazo; quienes explicaron la gesti\u00f3n que ejecuta el MAE por la conservaci\u00f3n ambiental del pa\u00eds.<\/p>\n<p style=\"text-align: justify;\">La vinculaci\u00f3n acad\u00e9mica entre el MAE e instituciones educativas de la provincia se desarrolla con el prop\u00f3sito de fortalecer los conocimientos adquiridos en el sal\u00f3n de clases y aportar a la formaci\u00f3n de profesionales para el buen vivir.<\/p>\n<p>&nbsp;<\/p>\n","protected":false},"excerpt":{"rendered":"<p class=\"excerpt\">Con la finalidad de aportar al progreso de la educaci\u00f3n superior en el Ecuador, el Ministerio del Ambiente (MAE) desarroll\u00f3 varios talleres acad\u00e9micos sobre el aprovechamiento responsable de recursos forestales en el pa\u00eds, dirigidos a estudiantes y profesores de la Facultad de Recursos Naturales de la Escuela Superior Polit\u00e9cnica de Chimborazo (ESPOCH). Alrededor de 60 personas provenientes de las escuelas&hellip; <a href=\"https:\/\/www.ambienteyenergia.gob.ec\/ambiente\/mae-fortalece-conocimientos-de-estudiantes-politecnicos-en-chimborazo\/\">Read more &rarr;<\/a><\/p>\n","protected":false},"author":13,"featured_media":20988,"comment_status":"open","ping_status":"open","sticky":false,"template":"","format":"standard","meta":{"footnotes":""},"categories":[16,4],"tags":[],"class_list":["post-20987","post","type-post","status-publish","format-standard","has-post-thumbnail","hentry","category-comunicamos","category-noticias","xfolkentry"],"_links":{"self":[{"href":"https:\/\/www.ambienteyenergia.gob.ec\/ambiente\/wp-json\/wp\/v2\/posts\/20987","targetHints":{"allow":["GET"]}}],"collection":[{"href":"https:\/\/www.ambienteyenergia.gob.ec\/ambiente\/wp-json\/wp\/v2\/posts"}],"about":[{"href":"https:\/\/www.ambienteyenergia.gob.ec\/ambiente\/wp-json\/wp\/v2\/types\/post"}],"author":[{"embeddable":true,"href":"https:\/\/www.ambienteyenergia.gob.ec\/ambiente\/wp-json\/wp\/v2\/users\/13"}],"replies":[{"embeddable":true,"href":"https:\/\/www.ambienteyenergia.gob.ec\/ambiente\/wp-json\/wp\/v2\/comments?post=20987"}],"version-history":[{"count":0,"href":"https:\/\/www.ambienteyenergia.gob.ec\/ambiente\/wp-json\/wp\/v2\/posts\/20987\/revisions"}],"wp:featuredmedia":[{"embeddable":true,"href":"https:\/\/www.ambienteyenergia.gob.ec\/ambiente\/wp-json\/wp\/v2\/media\/20988"}],"wp:attachment":[{"href":"https:\/\/www.ambienteyenergia.gob.ec\/ambiente\/wp-json\/wp\/v2\/media?parent=20987"}],"wp:term":[{"taxonomy":"category","embeddable":true,"href":"https:\/\/www.ambienteyenergia.gob.ec\/ambiente\/wp-json\/wp\/v2\/categories?post=20987"},{"taxonomy":"post_tag","embeddable":true,"href":"https:\/\/www.ambienteyenergia.gob.ec\/ambiente\/wp-json\/wp\/v2\/tags?post=20987"}],"curies":[{"name":"wp","href":"https:\/\/api.w.org\/{rel}","templated":true}]}}