{"id":20982,"date":"2014-06-19T16:28:31","date_gmt":"2014-06-19T21:28:31","guid":{"rendered":"http:\/\/www.ambiente.gob.ec\/?p=20982"},"modified":"2014-06-19T17:40:53","modified_gmt":"2014-06-19T22:40:53","slug":"mae-inauguro-taller-de-gestion-integrada-y-ambientalmente-racional-de-bifenilos-policlorados-pcb-en-el-ecuador","status":"publish","type":"post","link":"https:\/\/www.ambienteyenergia.gob.ec\/ambiente\/mae-inauguro-taller-de-gestion-integrada-y-ambientalmente-racional-de-bifenilos-policlorados-pcb-en-el-ecuador\/","title":{"rendered":"MAE inaugur\u00f3 Taller de  Gesti\u00f3n Integrada y Ambientalmente Racional de Bifenilos Policlorados (PCB) en el Ecuador"},"content":{"rendered":"<p style=\"text-align: justify;\">Hoy, el Ministerio del Ambiente de Ecuador (MAE), inaugur\u00f3 el Taller de arranque del Proyecto de \u201cGesti\u00f3n Integrada y Ambientalmente Racional de Bifenilos Policlorados (PCB&#8217;s) en el Ecuador\u201d, como una estrategia ambiental ejecutada en conjunto con el Programa de las Naciones Unidas para el Desarrollo (PNUD), el Fondo para el Medio Ambiente Mundial (GEF por sus siglas en ingles) y el Consejo Nacional de Electricidad (CONELEC).<\/p>\n<p style=\"text-align: justify;\">El evento que se desarroll\u00f3 en el Centro de Convenciones Eugenio Espejo, en Quito, \u00a0cont\u00f3 con la participaci\u00f3n de alrededor de 80 delegados de las empresas el\u00e9ctricas del pa\u00eds, a quienes se les present\u00f3 los resultados del proyecto de gesti\u00f3n del PCB&#8217;s, a trav\u00e9s de charlas magistrales, en las que intervinieron algunos especialistas en el tema, entre ellos, Alonso Moreno, representante de CONELEC, quien socializ\u00f3 sobre las actividades realizadas para la Gesti\u00f3n de PCB&#8217;s en Ecuador.<\/p>\n<p style=\"text-align: justify;\">Por su parte, Paola Carrera, Subsecretaria de Calidad Ambiental del MAE, en representaci\u00f3n de la Ministra Lorena Tapia, enfatiz\u00f3 sobre la labor del Estado ecuatoriano en relaci\u00f3n a la gesti\u00f3n y reducci\u00f3n en la utilizaci\u00f3n de contaminantes t\u00f3xicos, en proceso de producci\u00f3n y de servicios, que no solamente afectan al ambiente, sino tambi\u00e9n a la salud de todos los ecuatorianos.<\/p>\n<p style=\"text-align: justify;\">Asimismo, Ramiro Castro, responsable del Laboratorio de Ecotoxicolog\u00eda del Ministerio de Electricidad y Energ\u00eda Renovable explic\u00f3 acerca de las potencialidades y limitantes para el an\u00e1lisis de Pcb\u2019s. Adem\u00e1s Mario Rodas, Coordinador del Proyecto Gesti\u00f3n Integrada y Ambientalmente Racional de Pcb\u2019s en el Ecuador, present\u00f3 las estrategias de este proyecto y su ejecuci\u00f3n. Adem\u00e1s, se explic\u00f3 sobre el manejo del Proyecto y las responsabilidades de las partes cooperantes.<\/p>\n<p style=\"text-align: justify;\">En el Ecuador, este proyecto se ejecuta en el marco del Plan Nacional del Buen Vivir 2009-2013, considerando la necesidad urgente de proceder a la eliminaci\u00f3n de los PCB&#8217;s, no solamente por el cumplimiento de los compromisos internacionales sino con el objetivo de lograr precautelar la salud humana y del ambiente. En ese sentido, Carrera afirm\u00f3 que \u201cel proyecto de gesti\u00f3n racional de Bifenilos Policlorados, tiene como objetivo fortalecer la capacidad institucional para la gesti\u00f3n racional y ambiental\u00a0 de los PCB, con el fin de precautelar la salud de todos los ciudadanos ecuatorianos\u00bb.<\/p>\n<p style=\"text-align: justify;\">Para finalizar esta jornada de trabajo, Diego Zorrilla, Coordinador Residente en el Ecuador de la Organizaci\u00f3n de las Naciones Unidas (ONU), explic\u00f3 que el Ecuador en el a\u00f1o 2004 ratific\u00f3 el Convenio de Estocolmo sobre Contaminantes Org\u00e1nicos Persistentes (COP) y present\u00f3 su Plan Nacional de Implementaci\u00f3n (PNI) en el 2006, este Plan fue actualizado en el 2009 y presentado a la Secretar\u00eda del Convenio. Uno de los objetivos principales de este PNI fue la eliminaci\u00f3n de los PCB en el Ecuador hasta el a\u00f1o 2020, en el marco de la nueva constituci\u00f3n que garantiza un medio ambiente limpio y sano e indica que los COP est\u00e1n prohibidos.<\/p>\n<p style=\"text-align: justify;\">Este espacio estuvo dirigido a los tenedores de PCB y a las autoridades de control del Gobierno Nacional con el fin de colaborar en el cumplimiento de los objetivos y el logro de las metas del Proyecto PCB. Las presentaciones de los expositores de este evento, permitieron conocer los antecedentes de la gesti\u00f3n de PCB, la situaci\u00f3n actual y las acciones a futuro para mejorar dicha gesti\u00f3n en el Ecuador.<\/p>\n<p style=\"text-align: justify;\"><strong>Sab\u00edas que<\/strong><\/p>\n<p style=\"text-align: justify;\">Los Bifenilos Policlorados (PCB&#8217;s) son sustancias que se han usado por d\u00e9cadas en muchas aplicaciones industriales, sobre todo en el sector el\u00e9ctrico debido a sus caracter\u00edsticas de baja volatilidad y alta resistencia al fuego, haciendo de esta sustancia un excelente aceite diel\u00e9ctrico para los transformadores y condensadores el\u00e9ctricos. Sin embargo, esas mismas caracter\u00edsticas que los hicieron valiosos para la industria, sumadas a su alta tolerancia a la biodegradaci\u00f3n, su persistencia en el medio ambiente y la bioacumulaci\u00f3n en los seres vivos, los ubican dentro de la lista de los 12 t\u00f3xicos a ser eliminados a nivel mundial seg\u00fan el Convenio de Estocolmo.<\/p>\n","protected":false},"excerpt":{"rendered":"<p class=\"excerpt\">Hoy, el Ministerio del Ambiente de Ecuador (MAE), inaugur\u00f3 el Taller de arranque del Proyecto de \u201cGesti\u00f3n Integrada y Ambientalmente Racional de Bifenilos Policlorados (PCB&#8217;s) en el Ecuador\u201d, como una estrategia ambiental ejecutada en conjunto con el Programa de las Naciones Unidas para el Desarrollo (PNUD), el Fondo para el Medio Ambiente Mundial (GEF por sus siglas en ingles) y&hellip; <a href=\"https:\/\/www.ambienteyenergia.gob.ec\/ambiente\/mae-inauguro-taller-de-gestion-integrada-y-ambientalmente-racional-de-bifenilos-policlorados-pcb-en-el-ecuador\/\">Read more &rarr;<\/a><\/p>\n","protected":false},"author":13,"featured_media":20986,"comment_status":"open","ping_status":"open","sticky":false,"template":"","format":"standard","meta":{"footnotes":""},"categories":[16,4],"tags":[],"class_list":["post-20982","post","type-post","status-publish","format-standard","has-post-thumbnail","hentry","category-comunicamos","category-noticias","xfolkentry"],"_links":{"self":[{"href":"https:\/\/www.ambienteyenergia.gob.ec\/ambiente\/wp-json\/wp\/v2\/posts\/20982","targetHints":{"allow":["GET"]}}],"collection":[{"href":"https:\/\/www.ambienteyenergia.gob.ec\/ambiente\/wp-json\/wp\/v2\/posts"}],"about":[{"href":"https:\/\/www.ambienteyenergia.gob.ec\/ambiente\/wp-json\/wp\/v2\/types\/post"}],"author":[{"embeddable":true,"href":"https:\/\/www.ambienteyenergia.gob.ec\/ambiente\/wp-json\/wp\/v2\/users\/13"}],"replies":[{"embeddable":true,"href":"https:\/\/www.ambienteyenergia.gob.ec\/ambiente\/wp-json\/wp\/v2\/comments?post=20982"}],"version-history":[{"count":0,"href":"https:\/\/www.ambienteyenergia.gob.ec\/ambiente\/wp-json\/wp\/v2\/posts\/20982\/revisions"}],"wp:featuredmedia":[{"embeddable":true,"href":"https:\/\/www.ambienteyenergia.gob.ec\/ambiente\/wp-json\/wp\/v2\/media\/20986"}],"wp:attachment":[{"href":"https:\/\/www.ambienteyenergia.gob.ec\/ambiente\/wp-json\/wp\/v2\/media?parent=20982"}],"wp:term":[{"taxonomy":"category","embeddable":true,"href":"https:\/\/www.ambienteyenergia.gob.ec\/ambiente\/wp-json\/wp\/v2\/categories?post=20982"},{"taxonomy":"post_tag","embeddable":true,"href":"https:\/\/www.ambienteyenergia.gob.ec\/ambiente\/wp-json\/wp\/v2\/tags?post=20982"}],"curies":[{"name":"wp","href":"https:\/\/api.w.org\/{rel}","templated":true}]}}