{"id":20974,"date":"2014-06-19T14:18:43","date_gmt":"2014-06-19T19:18:43","guid":{"rendered":"http:\/\/www.ambiente.gob.ec\/?p=20974"},"modified":"2014-06-19T16:15:23","modified_gmt":"2014-06-19T21:15:23","slug":"mae-ubica-camaras-trampa-en-la-recc-para-monitorear-a-un-grupo-de-condores","status":"publish","type":"post","link":"https:\/\/www.ambienteyenergia.gob.ec\/ambiente\/mae-ubica-camaras-trampa-en-la-recc-para-monitorear-a-un-grupo-de-condores\/","title":{"rendered":"MAE ubica c\u00e1maras trampa en la RECC para monitorear a un grupo de c\u00f3ndores"},"content":{"rendered":"<p style=\"text-align: justify;\">El Ministerio del Ambiente de Ecuador (MAE), a trav\u00e9s de la Direcci\u00f3n Provincial del Ambiente de Imbabura, realiza actividades de control y monitoreo de espec\u00edmenes de vida silvestre con el fin de precautelar su integridad f\u00edsica y de su h\u00e1bitat natural.<\/p>\n<p style=\"text-align: justify;\">Es por tal motivo que funcionarios de la Autoridad Ambiental provincial se trasladaron a la comunidad Guanibuela, en la parroquia Cahuasqui, cant\u00f3n Urcuqu\u00ed, perteneciente a la zona de amortiguamiento de la Reserva Ecol\u00f3gica Cotacachi Cayapas (RECC), con el objetivo de colocar c\u00e1maras trampa en una propiedad privada para vigilar la actividad de c\u00f3ndores de la zona que utilizan el lugar para alimentarse.<\/p>\n<p style=\"text-align: justify;\">Adem\u00e1s, de acuerdo a los datos de telemetr\u00eda del rastreador satelital ubicado en las alas del c\u00f3ndor Polito, liberado el 21 de mayo pasado, se deduce que este esp\u00e9cimen frecuenta esta zona en busca de comida y refugio.<\/p>\n<p style=\"text-align: justify;\">Las actividades de monitoreo se realizan a nivel nacional, con el fin de recabar datos sobre las actividades de los animales de vida silvestre que se alojan en las zonas de amortiguamiento y \u00e1reas protegidas, con el objetivo de determinar patrones de comportamiento y h\u00e1bitat de estos espec\u00edmenes, y as\u00ed promover planes y proyectos sostenibles para su cuidado y conservaci\u00f3n.<\/p>\n","protected":false},"excerpt":{"rendered":"<p class=\"excerpt\">El Ministerio del Ambiente de Ecuador (MAE), a trav\u00e9s de la Direcci\u00f3n Provincial del Ambiente de Imbabura, realiza actividades de control y monitoreo de espec\u00edmenes de vida silvestre con el fin de precautelar su integridad f\u00edsica y de su h\u00e1bitat natural. Es por tal motivo que funcionarios de la Autoridad Ambiental provincial se trasladaron a la comunidad Guanibuela, en la&hellip; <a href=\"https:\/\/www.ambienteyenergia.gob.ec\/ambiente\/mae-ubica-camaras-trampa-en-la-recc-para-monitorear-a-un-grupo-de-condores\/\">Read more &rarr;<\/a><\/p>\n","protected":false},"author":13,"featured_media":20975,"comment_status":"open","ping_status":"open","sticky":false,"template":"","format":"standard","meta":{"footnotes":""},"categories":[16,4],"tags":[],"class_list":["post-20974","post","type-post","status-publish","format-standard","has-post-thumbnail","hentry","category-comunicamos","category-noticias","xfolkentry"],"_links":{"self":[{"href":"https:\/\/www.ambienteyenergia.gob.ec\/ambiente\/wp-json\/wp\/v2\/posts\/20974","targetHints":{"allow":["GET"]}}],"collection":[{"href":"https:\/\/www.ambienteyenergia.gob.ec\/ambiente\/wp-json\/wp\/v2\/posts"}],"about":[{"href":"https:\/\/www.ambienteyenergia.gob.ec\/ambiente\/wp-json\/wp\/v2\/types\/post"}],"author":[{"embeddable":true,"href":"https:\/\/www.ambienteyenergia.gob.ec\/ambiente\/wp-json\/wp\/v2\/users\/13"}],"replies":[{"embeddable":true,"href":"https:\/\/www.ambienteyenergia.gob.ec\/ambiente\/wp-json\/wp\/v2\/comments?post=20974"}],"version-history":[{"count":0,"href":"https:\/\/www.ambienteyenergia.gob.ec\/ambiente\/wp-json\/wp\/v2\/posts\/20974\/revisions"}],"wp:featuredmedia":[{"embeddable":true,"href":"https:\/\/www.ambienteyenergia.gob.ec\/ambiente\/wp-json\/wp\/v2\/media\/20975"}],"wp:attachment":[{"href":"https:\/\/www.ambienteyenergia.gob.ec\/ambiente\/wp-json\/wp\/v2\/media?parent=20974"}],"wp:term":[{"taxonomy":"category","embeddable":true,"href":"https:\/\/www.ambienteyenergia.gob.ec\/ambiente\/wp-json\/wp\/v2\/categories?post=20974"},{"taxonomy":"post_tag","embeddable":true,"href":"https:\/\/www.ambienteyenergia.gob.ec\/ambiente\/wp-json\/wp\/v2\/tags?post=20974"}],"curies":[{"name":"wp","href":"https:\/\/api.w.org\/{rel}","templated":true}]}}