{"id":20967,"date":"2014-06-19T12:20:24","date_gmt":"2014-06-19T17:20:24","guid":{"rendered":"http:\/\/www.ambiente.gob.ec\/?p=20967"},"modified":"2014-06-19T12:29:44","modified_gmt":"2014-06-19T17:29:44","slug":"mae-rescata-una-cria-de-perezoso-de-dos-unas-en-napo","status":"publish","type":"post","link":"https:\/\/www.ambienteyenergia.gob.ec\/ambiente\/mae-rescata-una-cria-de-perezoso-de-dos-unas-en-napo\/","title":{"rendered":"MAE rescata una cr\u00eda  de perezoso de dos u\u00f1as en Napo"},"content":{"rendered":"<p style=\"text-align: justify;\">El Misterio del Ambiente de Ecuador (MAE), a trav\u00e9s de la Direcci\u00f3n Provincial del Ambiente de Napo, logr\u00f3 el rescate de una cr\u00eda de perezoso de dos u\u00f1as <i>(Cholopeus hoffmani), <\/i>gracias a la informaci\u00f3n brindada por un habitante de la ciudad del Tena, quien puso en alerta a la Unidad de Protecci\u00f3n del Medio Ambiente (UPMA) de la Polic\u00eda Nacional.<\/p>\n<p style=\"text-align: justify;\">Ayer, personal de la UPMA recuper\u00f3 una cr\u00eda, hembra, de oso perezoso de dos u\u00f1as con un peso aproximado de 500 gramos que fue trasladada al Centro de Rescate Amazoonico, gracias a la gesti\u00f3n de los funcionarios de esta Cartera de Estado, con el objetivo de que se realice la revisi\u00f3n veterinaria obligatoria, en estos casos, para conocer su estado de salud.<\/p>\n<p style=\"text-align: justify;\">Una vez concluida la valoraci\u00f3n m\u00e9dica, correspondiente, especialistas de vida silvestre decidieron que este esp\u00e9cimen de perezoso permanezca en el \u00e1rea cl\u00ednica, debido a su edad, ya que debe contar con cuidados y alimentaci\u00f3n diaria con una dieta especial recetada por el m\u00e9dico veterinario del centro, con el fin de que su estado de salud y desarrollo permanezcan dentro de los par\u00e1metros normales para un crecimiento adecuado y favorable.<\/p>\n<p style=\"text-align: justify;\">Este animal permanecer\u00e1 en este Centro de Rescate hasta que alcance una edad apropiada y pueda alimentarse por s\u00ed solo para proceder con su liberaci\u00f3n. El perezoso de dos u\u00f1as, es nocturno, arbor\u00edcola y solitario, se alimenta de una gran gama de hojas de dosel del bosque y est\u00e1 catalogado\u00a0 en peligro de extinci\u00f3n, en preocupaci\u00f3n menor.<\/p>\n<p style=\"text-align: justify;\">\n","protected":false},"excerpt":{"rendered":"<p class=\"excerpt\">El Misterio del Ambiente de Ecuador (MAE), a trav\u00e9s de la Direcci\u00f3n Provincial del Ambiente de Napo, logr\u00f3 el rescate de una cr\u00eda de perezoso de dos u\u00f1as (Cholopeus hoffmani), gracias a la informaci\u00f3n brindada por un habitante de la ciudad del Tena, quien puso en alerta a la Unidad de Protecci\u00f3n del Medio Ambiente (UPMA) de la Polic\u00eda Nacional.&hellip; <a href=\"https:\/\/www.ambienteyenergia.gob.ec\/ambiente\/mae-rescata-una-cria-de-perezoso-de-dos-unas-en-napo\/\">Read more &rarr;<\/a><\/p>\n","protected":false},"author":13,"featured_media":20968,"comment_status":"open","ping_status":"open","sticky":false,"template":"","format":"standard","meta":{"footnotes":""},"categories":[16,4],"tags":[],"class_list":["post-20967","post","type-post","status-publish","format-standard","has-post-thumbnail","hentry","category-comunicamos","category-noticias","xfolkentry"],"_links":{"self":[{"href":"https:\/\/www.ambienteyenergia.gob.ec\/ambiente\/wp-json\/wp\/v2\/posts\/20967","targetHints":{"allow":["GET"]}}],"collection":[{"href":"https:\/\/www.ambienteyenergia.gob.ec\/ambiente\/wp-json\/wp\/v2\/posts"}],"about":[{"href":"https:\/\/www.ambienteyenergia.gob.ec\/ambiente\/wp-json\/wp\/v2\/types\/post"}],"author":[{"embeddable":true,"href":"https:\/\/www.ambienteyenergia.gob.ec\/ambiente\/wp-json\/wp\/v2\/users\/13"}],"replies":[{"embeddable":true,"href":"https:\/\/www.ambienteyenergia.gob.ec\/ambiente\/wp-json\/wp\/v2\/comments?post=20967"}],"version-history":[{"count":0,"href":"https:\/\/www.ambienteyenergia.gob.ec\/ambiente\/wp-json\/wp\/v2\/posts\/20967\/revisions"}],"wp:featuredmedia":[{"embeddable":true,"href":"https:\/\/www.ambienteyenergia.gob.ec\/ambiente\/wp-json\/wp\/v2\/media\/20968"}],"wp:attachment":[{"href":"https:\/\/www.ambienteyenergia.gob.ec\/ambiente\/wp-json\/wp\/v2\/media?parent=20967"}],"wp:term":[{"taxonomy":"category","embeddable":true,"href":"https:\/\/www.ambienteyenergia.gob.ec\/ambiente\/wp-json\/wp\/v2\/categories?post=20967"},{"taxonomy":"post_tag","embeddable":true,"href":"https:\/\/www.ambienteyenergia.gob.ec\/ambiente\/wp-json\/wp\/v2\/tags?post=20967"}],"curies":[{"name":"wp","href":"https:\/\/api.w.org\/{rel}","templated":true}]}}