{"id":20958,"date":"2014-06-18T10:02:23","date_gmt":"2014-06-18T15:02:23","guid":{"rendered":"http:\/\/www.ambiente.gob.ec\/?p=20958"},"modified":"2014-06-19T13:44:37","modified_gmt":"2014-06-19T18:44:37","slug":"aprovechamiento-y-girs-los-fundamentos-de-visita-tecnica-de-suecia","status":"publish","type":"post","link":"https:\/\/www.ambienteyenergia.gob.ec\/ambiente\/aprovechamiento-y-girs-los-fundamentos-de-visita-tecnica-de-suecia\/","title":{"rendered":"Aprovechamiento y GIRS, los fundamentos de visita t\u00e9cnica de Suecia"},"content":{"rendered":"<p style=\"text-align: justify;\"><i>El Ministerio del Ambiente a trav\u00e9s del Programa Nacional para la Gesti\u00f3n Integral de Desechos S\u00f3lidos, program\u00f3 una visita t\u00e9cnica de la misi\u00f3n Sueca experta en manejo integral de residuos s\u00f3lidos, Jessica Magnusson (SP Technical Research Institute of Sweden) y Linda Eliasson (Boris Enery and Environment), especialistas en el \u00e1rea de aprovechamiento y Gesti\u00f3n Integral de Residuos S\u00f3lidos para compartir la experiencia\u00a0 implementada con \u00e9xito en la ciudad de Boras &#8211; Suecia. Este encuentro permiti\u00f3 a la Academia y a varios GADs Municipales de todo el pa\u00eds, conocer de primera mano la visi\u00f3n con la que se gestionan los residuos donde el 99% de los residuos entran a procesos de aprovechamiento y reciclaje, tal y como se detalla a continuaci\u00f3n: el 55,1% entran a procesos de recuperaci\u00f3n de energ\u00eda; 29,6% en reciclaje; 12,5% en tratamiento biol\u00f3gico; 2,5% en desechos peligrosos y el 0,3%\u00a0 se dispone en rellenos sanitarios.\u00a0 <\/i><\/p>\n<p style=\"text-align: justify;\">Paula Guerra, Gerente del Programa Nacional para la Gesti\u00f3n Integral de Desechos S\u00f3lidos, celebr\u00f3 la importancia de este encuentro que no impulsa vender una tecnolog\u00eda, sino el traspaso de conocimiento y la construcci\u00f3n de proyectos dise\u00f1ados para cada pa\u00eds en base al sistema\u00a0 desarrollado en la ciudad de Boras &#8211; Suecia.\u00a0 Por ello la importancia de este encuentro que permiti\u00f3 conocer la f\u00f3rmula para el \u00e9xito en el aprovechamiento y en la gesti\u00f3n integral de residuos s\u00f3lido. Entre los asistente por parte de la Academia particip\u00f3 la Escuela Polit\u00e9cnica Nacional y la Universidad Central del Ecuador. Cuenca, Samborond\u00f3n, Esmeraldas, Riobamba, Atacames fueron algunos de los Gobiernos Aut\u00f3nomos Descentralizados, que pudieron compartir con la delegaci\u00f3n sueca, quien estuvo acompa\u00f1ada del C\u00f3nsul de Suecia, Galo Abril.<\/p>\n<p style=\"text-align: justify;\">El modelo sustentable esta enfocado en consolidar los aspectos econ\u00f3micos, pol\u00edticos, culturales, t\u00e9cnicos, sociales y medio ambientales de cada municipalidad donde se implemente este sistema integral y hol\u00edstico de manejo de residuos s\u00f3lidos.<\/p>\n<p style=\"text-align: justify;\">Las delegadas suecas realizar\u00e1n una visita a las Islas Gal\u00e1pagos, para analizar la situaci\u00f3n actual e impulsar la implementaci\u00f3n de mecanismos cuyo procedimiento sea a trav\u00e9s de tecnolog\u00edas limpias y que fortalezcan la econom\u00eda verde a trav\u00e9s de la gesti\u00f3n integral de residuos s\u00f3lidos. Esta visita es una cooperaci\u00f3n t\u00e9cnica enfocada en la investigaci\u00f3n sobre el medio ambiental, de asesor\u00eda, capacitaci\u00f3n, intercambio e impulso al desarrollo e implementaci\u00f3n de iniciativas relacionadas a temas de Gesti\u00f3n Integral de Residuos S\u00f3lidos. Para Paula Guerra \u00abtrabajar conjuntamente en la elaboraci\u00f3n, desarrollo e implementaci\u00f3n de programas que contribuyan al desarrollo integral de los residuos s\u00f3lidos de las islas, es el objetivo del Ministerio del Ambiente.\u00bb<\/p>\n","protected":false},"excerpt":{"rendered":"<p class=\"excerpt\">El Ministerio del Ambiente a trav\u00e9s del Programa Nacional para la Gesti\u00f3n Integral de Desechos S\u00f3lidos, program\u00f3 una visita t\u00e9cnica de la misi\u00f3n Sueca experta en manejo integral de residuos s\u00f3lidos, Jessica Magnusson (SP Technical Research Institute of Sweden) y Linda Eliasson (Boris Enery and Environment), especialistas en el \u00e1rea de aprovechamiento y Gesti\u00f3n Integral de Residuos S\u00f3lidos para compartir&hellip; <a href=\"https:\/\/www.ambienteyenergia.gob.ec\/ambiente\/aprovechamiento-y-girs-los-fundamentos-de-visita-tecnica-de-suecia\/\">Read more &rarr;<\/a><\/p>\n","protected":false},"author":13,"featured_media":20959,"comment_status":"open","ping_status":"open","sticky":false,"template":"","format":"standard","meta":{"footnotes":""},"categories":[16,4],"tags":[],"class_list":["post-20958","post","type-post","status-publish","format-standard","has-post-thumbnail","hentry","category-comunicamos","category-noticias","xfolkentry"],"_links":{"self":[{"href":"https:\/\/www.ambienteyenergia.gob.ec\/ambiente\/wp-json\/wp\/v2\/posts\/20958","targetHints":{"allow":["GET"]}}],"collection":[{"href":"https:\/\/www.ambienteyenergia.gob.ec\/ambiente\/wp-json\/wp\/v2\/posts"}],"about":[{"href":"https:\/\/www.ambienteyenergia.gob.ec\/ambiente\/wp-json\/wp\/v2\/types\/post"}],"author":[{"embeddable":true,"href":"https:\/\/www.ambienteyenergia.gob.ec\/ambiente\/wp-json\/wp\/v2\/users\/13"}],"replies":[{"embeddable":true,"href":"https:\/\/www.ambienteyenergia.gob.ec\/ambiente\/wp-json\/wp\/v2\/comments?post=20958"}],"version-history":[{"count":0,"href":"https:\/\/www.ambienteyenergia.gob.ec\/ambiente\/wp-json\/wp\/v2\/posts\/20958\/revisions"}],"wp:featuredmedia":[{"embeddable":true,"href":"https:\/\/www.ambienteyenergia.gob.ec\/ambiente\/wp-json\/wp\/v2\/media\/20959"}],"wp:attachment":[{"href":"https:\/\/www.ambienteyenergia.gob.ec\/ambiente\/wp-json\/wp\/v2\/media?parent=20958"}],"wp:term":[{"taxonomy":"category","embeddable":true,"href":"https:\/\/www.ambienteyenergia.gob.ec\/ambiente\/wp-json\/wp\/v2\/categories?post=20958"},{"taxonomy":"post_tag","embeddable":true,"href":"https:\/\/www.ambienteyenergia.gob.ec\/ambiente\/wp-json\/wp\/v2\/tags?post=20958"}],"curies":[{"name":"wp","href":"https:\/\/api.w.org\/{rel}","templated":true}]}}