{"id":20952,"date":"2014-06-17T16:54:45","date_gmt":"2014-06-17T21:54:45","guid":{"rendered":"http:\/\/www.ambiente.gob.ec\/?p=20952"},"modified":"2014-06-17T16:54:45","modified_gmt":"2014-06-17T21:54:45","slug":"mae-rescato-una-boa-matacaballo-en-el-oro","status":"publish","type":"post","link":"https:\/\/www.ambienteyenergia.gob.ec\/ambiente\/mae-rescato-una-boa-matacaballo-en-el-oro\/","title":{"rendered":"MAE rescat\u00f3 una boa matacaballo en El Oro"},"content":{"rendered":"<p style=\"text-align: justify;\">El Ministerio del Ambiente (MAE), en coordinaci\u00f3n con la Unidad de Protecci\u00f3n del Medio Ambiente de la Polic\u00eda Nacional y con la ayuda de la ciudadan\u00eda de Machala, logr\u00f3 recuperar una boa matacaballo o boa constrictor imperator <i>(Boa constrictor constrictor), la<\/i> cual fue encontrada en el patio de la Escuela Sim\u00f3n Bol\u00edvar, ubicada en la parroquia y cant\u00f3n Machala, provincia de El Oro.<\/p>\n<p style=\"text-align: justify;\">Luego varias revisiones por parte de los t\u00e9cnicos del MAE, se comprob\u00f3 que su condici\u00f3n era favorable, por lo que se procedi\u00f3 a liberarla en el cant\u00f3n Arenillas, lugar que brinda todas las facilidades para el desarrollo y bienestar del animal silvestre.<\/p>\n<p style=\"text-align: justify;\">El MAE, como principal autoridad ambiental del pa\u00eds, solicita a la poblaci\u00f3n que tenga animales de vida silvestre en cautiverio, los entregue de manera voluntaria o si conoce de alg\u00fan caso de tenencia ilegal de especies realice su denuncia en la Direcci\u00f3n Provincial del Ambiente de El Oro ubicado en las calles, Vela entre 25 de Junio y Sucre (Ex-Edificio de Predesur) 5to piso o al tel\u00e9fono 2934596, extensi\u00f3n 15.<\/p>\n<p style=\"text-align: justify;\">Por su parte, la Direcci\u00f3n Provincial del Ambiente de El Oro continuar\u00e1 ejecutando m\u00faltiples eventos de educaci\u00f3n ambiental, trabajo comunitario y actividades de vinculaci\u00f3n social con la finalidad de educar a la poblaci\u00f3n en la responsabilidad de conservar a las especies de vida silvestre y sus ecosistemas.<\/p>\n<p style=\"text-align: justify;\"><strong>El dato<\/strong><\/p>\n<p style=\"text-align: justify;\">La Boa matacaballo se encuentra en la Lista Roja del Ecuador como Vulnerable (VU).<\/p>\n<p style=\"text-align: justify;\">\n","protected":false},"excerpt":{"rendered":"<p class=\"excerpt\">El Ministerio del Ambiente (MAE), en coordinaci\u00f3n con la Unidad de Protecci\u00f3n del Medio Ambiente de la Polic\u00eda Nacional y con la ayuda de la ciudadan\u00eda de Machala, logr\u00f3 recuperar una boa matacaballo o boa constrictor imperator (Boa constrictor constrictor), la cual fue encontrada en el patio de la Escuela Sim\u00f3n Bol\u00edvar, ubicada en la parroquia y cant\u00f3n Machala, provincia&hellip; <a href=\"https:\/\/www.ambienteyenergia.gob.ec\/ambiente\/mae-rescato-una-boa-matacaballo-en-el-oro\/\">Read more &rarr;<\/a><\/p>\n","protected":false},"author":13,"featured_media":20953,"comment_status":"open","ping_status":"open","sticky":false,"template":"","format":"standard","meta":{"footnotes":""},"categories":[16,4],"tags":[],"class_list":["post-20952","post","type-post","status-publish","format-standard","has-post-thumbnail","hentry","category-comunicamos","category-noticias","xfolkentry"],"_links":{"self":[{"href":"https:\/\/www.ambienteyenergia.gob.ec\/ambiente\/wp-json\/wp\/v2\/posts\/20952","targetHints":{"allow":["GET"]}}],"collection":[{"href":"https:\/\/www.ambienteyenergia.gob.ec\/ambiente\/wp-json\/wp\/v2\/posts"}],"about":[{"href":"https:\/\/www.ambienteyenergia.gob.ec\/ambiente\/wp-json\/wp\/v2\/types\/post"}],"author":[{"embeddable":true,"href":"https:\/\/www.ambienteyenergia.gob.ec\/ambiente\/wp-json\/wp\/v2\/users\/13"}],"replies":[{"embeddable":true,"href":"https:\/\/www.ambienteyenergia.gob.ec\/ambiente\/wp-json\/wp\/v2\/comments?post=20952"}],"version-history":[{"count":0,"href":"https:\/\/www.ambienteyenergia.gob.ec\/ambiente\/wp-json\/wp\/v2\/posts\/20952\/revisions"}],"wp:featuredmedia":[{"embeddable":true,"href":"https:\/\/www.ambienteyenergia.gob.ec\/ambiente\/wp-json\/wp\/v2\/media\/20953"}],"wp:attachment":[{"href":"https:\/\/www.ambienteyenergia.gob.ec\/ambiente\/wp-json\/wp\/v2\/media?parent=20952"}],"wp:term":[{"taxonomy":"category","embeddable":true,"href":"https:\/\/www.ambienteyenergia.gob.ec\/ambiente\/wp-json\/wp\/v2\/categories?post=20952"},{"taxonomy":"post_tag","embeddable":true,"href":"https:\/\/www.ambienteyenergia.gob.ec\/ambiente\/wp-json\/wp\/v2\/tags?post=20952"}],"curies":[{"name":"wp","href":"https:\/\/api.w.org\/{rel}","templated":true}]}}