{"id":20946,"date":"2014-06-17T14:40:01","date_gmt":"2014-06-17T19:40:01","guid":{"rendered":"http:\/\/www.ambiente.gob.ec\/?p=20946"},"modified":"2014-06-17T16:44:41","modified_gmt":"2014-06-17T21:44:41","slug":"mae-suspendio-parcialmente-empresas-que-contaminaban-el-estero-salado","status":"publish","type":"post","link":"https:\/\/www.ambienteyenergia.gob.ec\/ambiente\/mae-suspendio-parcialmente-empresas-que-contaminaban-el-estero-salado\/","title":{"rendered":"MAE suspendi\u00f3 parcialmente empresas que contaminaban el Estero Salado"},"content":{"rendered":"<p style=\"text-align: justify;\">Hoy, en cumplimiento de la Normativa Ambiental vigente, el Ministerio del Ambiente (MAE), a trav\u00e9s de la Direcci\u00f3n Provincial de Guayas, suspendi\u00f3 parcialmente las empresas Centuriosa y Panader\u00eda California Pancali S.A., por no presentar el respectivo Plan de Acci\u00f3n para evitar las descargas directas en el Estero Salado, mediante la conexi\u00f3n de las tuber\u00edas de aguas residuales al sistema de alcantarillado.<\/p>\n<p>En las dos empresas, ubicadas en sector de Mapasingue, se clausuraron las redes sanitarias dom\u00e9sticas que se conectaban al sistema de aguas lluvias, mismo que decanta directamente en el Estero. La medida se podr\u00eda levantar, con la presentaci\u00f3n de la documentaci\u00f3n necesaria que garantice el fiel cumplimiento a los planes de acci\u00f3n.<\/p>\n<p>Estas acciones legales, que tienen el apoyo de la Gobernaci\u00f3n del Guayas, se efectuaron luego del debido proceso administrativo, en el marco del emblem\u00e1tico Proyecto Guayaquil Ecol\u00f3gico, cuyos objetivos son remediar y sanear este importante afluente de Guayaquil, en beneficio de toda la ciudadan\u00eda.<\/p>\n<p>El proceso de regulaci\u00f3n ambiental inici\u00f3 en 2013, con recorridos en todo el sector industrial aleda\u00f1o al Estero y su \u00e1rea de influencia, para determinar el n\u00famero de empresas contaminantes. As\u00ed lo explic\u00f3 Pablo Segale, Director Provincial de Ambiente de Guayas.<\/p>\n<p>Con el aval de un laboratorio acreditado, se tomaron muestras y empez\u00f3 el minucioso seguimiento para que las industrias elaboren y presenten sus Planes Remediaci\u00f3n y Acci\u00f3n, enfocados en la reducci\u00f3n y eliminaci\u00f3n de los impactos ambientales en el afluente.<\/p>\n<p>Esta Cartera de Estado, como principal organismo rector ambiental del pa\u00eds, continuar\u00e1 las inspecciones y suspensiones hasta finalizar el proceso de regulaci\u00f3n de las empresas para garantizar el cumplimiento de la Ley.<\/p>\n","protected":false},"excerpt":{"rendered":"<p class=\"excerpt\">Hoy, en cumplimiento de la Normativa Ambiental vigente, el Ministerio del Ambiente (MAE), a trav\u00e9s de la Direcci\u00f3n Provincial de Guayas, suspendi\u00f3 parcialmente las empresas Centuriosa y Panader\u00eda California Pancali S.A., por no presentar el respectivo Plan de Acci\u00f3n para evitar las descargas directas en el Estero Salado, mediante la conexi\u00f3n de las tuber\u00edas de aguas residuales al sistema de&hellip; <a href=\"https:\/\/www.ambienteyenergia.gob.ec\/ambiente\/mae-suspendio-parcialmente-empresas-que-contaminaban-el-estero-salado\/\">Read more &rarr;<\/a><\/p>\n","protected":false},"author":13,"featured_media":20950,"comment_status":"open","ping_status":"open","sticky":false,"template":"","format":"standard","meta":{"footnotes":""},"categories":[16,4],"tags":[],"class_list":["post-20946","post","type-post","status-publish","format-standard","has-post-thumbnail","hentry","category-comunicamos","category-noticias","xfolkentry"],"_links":{"self":[{"href":"https:\/\/www.ambienteyenergia.gob.ec\/ambiente\/wp-json\/wp\/v2\/posts\/20946","targetHints":{"allow":["GET"]}}],"collection":[{"href":"https:\/\/www.ambienteyenergia.gob.ec\/ambiente\/wp-json\/wp\/v2\/posts"}],"about":[{"href":"https:\/\/www.ambienteyenergia.gob.ec\/ambiente\/wp-json\/wp\/v2\/types\/post"}],"author":[{"embeddable":true,"href":"https:\/\/www.ambienteyenergia.gob.ec\/ambiente\/wp-json\/wp\/v2\/users\/13"}],"replies":[{"embeddable":true,"href":"https:\/\/www.ambienteyenergia.gob.ec\/ambiente\/wp-json\/wp\/v2\/comments?post=20946"}],"version-history":[{"count":0,"href":"https:\/\/www.ambienteyenergia.gob.ec\/ambiente\/wp-json\/wp\/v2\/posts\/20946\/revisions"}],"wp:featuredmedia":[{"embeddable":true,"href":"https:\/\/www.ambienteyenergia.gob.ec\/ambiente\/wp-json\/wp\/v2\/media\/20950"}],"wp:attachment":[{"href":"https:\/\/www.ambienteyenergia.gob.ec\/ambiente\/wp-json\/wp\/v2\/media?parent=20946"}],"wp:term":[{"taxonomy":"category","embeddable":true,"href":"https:\/\/www.ambienteyenergia.gob.ec\/ambiente\/wp-json\/wp\/v2\/categories?post=20946"},{"taxonomy":"post_tag","embeddable":true,"href":"https:\/\/www.ambienteyenergia.gob.ec\/ambiente\/wp-json\/wp\/v2\/tags?post=20946"}],"curies":[{"name":"wp","href":"https:\/\/api.w.org\/{rel}","templated":true}]}}