{"id":20943,"date":"2014-06-17T14:21:59","date_gmt":"2014-06-17T19:21:59","guid":{"rendered":"http:\/\/www.ambiente.gob.ec\/?p=20943"},"modified":"2014-06-17T14:21:59","modified_gmt":"2014-06-17T19:21:59","slug":"red-financiera-rural-recibio-el-reconocimiento-ecuatoriano-ambiental-punto-verde-otorgado-por-el-mae","status":"publish","type":"post","link":"https:\/\/www.ambienteyenergia.gob.ec\/ambiente\/red-financiera-rural-recibio-el-reconocimiento-ecuatoriano-ambiental-punto-verde-otorgado-por-el-mae\/","title":{"rendered":"Red Financiera Rural recibi\u00f3 el Reconocimiento Ecuatoriano Ambiental \u201cPunto Verde\u201d  otorgado por el MAE"},"content":{"rendered":"<p style=\"text-align: justify;\">Hoy, el Ministerio del Ambiente de Ecuador (MAE) hizo la entrega del reconocimiento Ecuatoriano Ambiental \u201cPunto Verde\u201d a la Red Financiera Rural (RFR) por la correcta implementaci\u00f3n de Buenas Pr\u00e1cticas Ambientales, en el \u00e1mbito de consumo y gesti\u00f3n responsable de recursos, energ\u00eda y disposici\u00f3n final de desechos. El evento cont\u00f3 con la participaci\u00f3n de la Viceministra Lorena S\u00e1nchez, en representaci\u00f3n de la Ministra Lorena Tap\u00eda, M\u00e1xima Autoridad Ambiental, el Director Ejecutivo de RFR, Econ. Javier Vaca y el representante del Directorio de la RFR, Carlos Pauta, quienes recibieron el reconocimiento.<\/p>\n<p>El MAE, a trav\u00e9s de la Subsecretar\u00eda de Calidad Ambiental, con el fin de incentivar a empresas p\u00fablicas y privadas en la implementaci\u00f3n de principios y estrategias de consumo responsable suscribi\u00f3 el Acuerdo Ministerial N\u00b0 131, con el objetivo de promover la aplicaci\u00f3n de buenas pr\u00e1cticas ambientales en las actividades de estos sectores, en relaci\u00f3n a la gesti\u00f3n de desechos, gesti\u00f3n de papel, uso eficiente de agua, energ\u00eda y combustibles; capacitaci\u00f3n y compras responsables, en el marco de Cambio de Patrones Actuales de Producci\u00f3n y Consumo.<\/p>\n<p>En su intervenci\u00f3n, la viceministra S\u00e1nchez, asegur\u00f3 que esta Cartera de Estado se encuentra complacida por la vinculaci\u00f3n de las empresas, de diferentes sectores de la producci\u00f3n, a estas iniciativas que no solo buscan incentivar a las instituciones, sino cambiar los h\u00e1bitos de consumo y de utilizaci\u00f3n de recursos en todos los funcionarios de las empresas involucradas en este proceso.<\/p>\n<p>En este contexto la Red Financiera Rural aplic\u00f3 al Acuerdo Ministerial N\u00b0 131 en marzo de 2013, con la presentaci\u00f3n del reporte de l\u00ednea base del per\u00edodo de enero a diciembre de 2011, a m\u00e1s del\u00a0 reporte de gesti\u00f3n en el mismo per\u00edodo del a\u00f1o 2012). En el mes de julio de 2013, funcionarios de esta Cartera de Estado, realizaron la verificaci\u00f3n in situ a las instalaciones de Red Financiera Rural.<\/p>\n<p>\u201cEstoy segura de que el trabajo mancomunado entre el sector p\u00fablico y privado, m\u00e1s el apoyo de la comunidad nos ayudar\u00e1 en\u00a0 la construcci\u00f3n de un Ecuador m\u00e1s verde y respetuoso de los recursos naturales que posee\u201d, asegur\u00f3, Sanch\u00e9z.<\/p>\n<p>Una vez concluido este proceso, en agosto de 2013, Red Financiera Rural obtuvo el Reconocimiento \u201cPunto Verde\u201d por la correcta implementaci\u00f3n de Buenas Pr\u00e1cticas Ambientales, seg\u00fan consta en el pronunciamiento de la Subsecretar\u00eda de Calidad Ambiental.<\/p>\n<p>Por su parte, Carlos Pauta, agradeci\u00f3 al MAE por el reconocimiento que fue entregado a la RFR, en el contexto de Buenas Pr\u00e1cticas Ambientales corporativas. \u201cEste es un motivo m\u00e1s que nos alienta a seguir trabajando en conjunto para producir mejores servicios y productos ambientalemente amigables y sostenibles\u201d, finaliz\u00f3.<\/p>\n<p>El edificio de le RFR obtuvo este reconocimiento, gracias a la gesti\u00f3n optima de sus procesos y recursos, logrando la reducci\u00f3n del 54.2% en consumo de papel, mediante la aplicaci\u00f3n de impresiones a doble cara, reutilizaci\u00f3n de papel y env\u00edo de informaci\u00f3n por correo electr\u00f3nico. Redujo, adem\u00e1s, el 8.7% en consumo de energ\u00eda por aprovechamiento de luz natural y redistribuci\u00f3n de las instalaciones el\u00e9ctricas. Realiz\u00f3 la correcta clasificaci\u00f3n, almacenamiento y disposici\u00f3n final de residuos. Implementaci\u00f3n de un sistema de seguimiento interno al cumplimiento de Buenas Pr\u00e1cticas Ambientales, ejecutado por los funcionarios quienes son veedores del cumplimiento de sus compa\u00f1eros. Emisi\u00f3n de boletines, informes e invitaciones electr\u00f3nicas a los socios, eliminando su impresi\u00f3n. Capacitaci\u00f3n al personal en la aplicaci\u00f3n de la Pol\u00edtica Ambiental de la entidad, realizada en la inducci\u00f3n a t\u00e9cnicos nuevos y retroalimentaci\u00f3n constante a funcionarios activos.<\/p>\n<p>Son 47 organizaciones que forman parte de la RFR, que trabajan mancomunadamente para mantener, a nivel institucional, una sostenibilidad ambiental con el fin de lograr un ambiente saludable y responsable para nuestras generaciones futuras.<\/p>\n","protected":false},"excerpt":{"rendered":"<p class=\"excerpt\">Hoy, el Ministerio del Ambiente de Ecuador (MAE) hizo la entrega del reconocimiento Ecuatoriano Ambiental \u201cPunto Verde\u201d a la Red Financiera Rural (RFR) por la correcta implementaci\u00f3n de Buenas Pr\u00e1cticas Ambientales, en el \u00e1mbito de consumo y gesti\u00f3n responsable de recursos, energ\u00eda y disposici\u00f3n final de desechos. El evento cont\u00f3 con la participaci\u00f3n de la Viceministra Lorena S\u00e1nchez, en representaci\u00f3n&hellip; <a href=\"https:\/\/www.ambienteyenergia.gob.ec\/ambiente\/red-financiera-rural-recibio-el-reconocimiento-ecuatoriano-ambiental-punto-verde-otorgado-por-el-mae\/\">Read more &rarr;<\/a><\/p>\n","protected":false},"author":13,"featured_media":20944,"comment_status":"open","ping_status":"open","sticky":false,"template":"","format":"standard","meta":{"footnotes":""},"categories":[16,4],"tags":[],"class_list":["post-20943","post","type-post","status-publish","format-standard","has-post-thumbnail","hentry","category-comunicamos","category-noticias","xfolkentry"],"_links":{"self":[{"href":"https:\/\/www.ambienteyenergia.gob.ec\/ambiente\/wp-json\/wp\/v2\/posts\/20943","targetHints":{"allow":["GET"]}}],"collection":[{"href":"https:\/\/www.ambienteyenergia.gob.ec\/ambiente\/wp-json\/wp\/v2\/posts"}],"about":[{"href":"https:\/\/www.ambienteyenergia.gob.ec\/ambiente\/wp-json\/wp\/v2\/types\/post"}],"author":[{"embeddable":true,"href":"https:\/\/www.ambienteyenergia.gob.ec\/ambiente\/wp-json\/wp\/v2\/users\/13"}],"replies":[{"embeddable":true,"href":"https:\/\/www.ambienteyenergia.gob.ec\/ambiente\/wp-json\/wp\/v2\/comments?post=20943"}],"version-history":[{"count":0,"href":"https:\/\/www.ambienteyenergia.gob.ec\/ambiente\/wp-json\/wp\/v2\/posts\/20943\/revisions"}],"wp:featuredmedia":[{"embeddable":true,"href":"https:\/\/www.ambienteyenergia.gob.ec\/ambiente\/wp-json\/wp\/v2\/media\/20944"}],"wp:attachment":[{"href":"https:\/\/www.ambienteyenergia.gob.ec\/ambiente\/wp-json\/wp\/v2\/media?parent=20943"}],"wp:term":[{"taxonomy":"category","embeddable":true,"href":"https:\/\/www.ambienteyenergia.gob.ec\/ambiente\/wp-json\/wp\/v2\/categories?post=20943"},{"taxonomy":"post_tag","embeddable":true,"href":"https:\/\/www.ambienteyenergia.gob.ec\/ambiente\/wp-json\/wp\/v2\/tags?post=20943"}],"curies":[{"name":"wp","href":"https:\/\/api.w.org\/{rel}","templated":true}]}}