{"id":20918,"date":"2014-06-17T09:00:48","date_gmt":"2014-06-17T14:00:48","guid":{"rendered":"http:\/\/www.ambiente.gob.ec\/?p=20918"},"modified":"2014-06-18T12:58:50","modified_gmt":"2014-06-18T17:58:50","slug":"mae-conmemora-dia-mundial-de-lucha-contra-la-desertificacion-y-la-sequia","status":"publish","type":"post","link":"https:\/\/www.ambienteyenergia.gob.ec\/ambiente\/mae-conmemora-dia-mundial-de-lucha-contra-la-desertificacion-y-la-sequia\/","title":{"rendered":"MAE conmemora D\u00eda Mundial de Lucha contra la Desertificaci\u00f3n y la Sequ\u00eda"},"content":{"rendered":"<p style=\"text-align: justify;\">Este martes 17 de junio se conmemora el D\u00eda Mundial de Lucha contra la Desertificaci\u00f3n y la Sequ\u00eda.\u00a0 En 1995 la Asamblea General de la Organizaci\u00f3n de las Naciones Unidas (ONU) declar\u00f3 esta fecha con el objetivo de poner en acci\u00f3n, mecanismos para combatir la degradaci\u00f3n de los suelos y sus consecuencias.<\/p>\n<p>En este contexto, el Ministerio del Ambiente del Ecuador (MAE), como Autoridad Ambiental Nacional, asumi\u00f3 su compromiso por combatir la desertificaci\u00f3n, a trav\u00e9s de la expedici\u00f3n del Acuerdo Ministerial N\u00b0 045, suscrito el 1 de abril de 2014,\u00a0 con el objetivo de\u00a0 generar pol\u00edticas, lineamientos y normativas respecto a la gesti\u00f3n de la Desertificaci\u00f3n, Degradaci\u00f3n de Tierras y Sequ\u00eda (DDTS). El prop\u00f3sito de este documento fue incorporar normas para la coordinaci\u00f3n de acciones a nivel nacional y sectorial orientadas a combatir la DDTS.<\/p>\n<p>En nuestro pa\u00eds el 47% del territorio presenta problemas de degradaci\u00f3n causada por la erosi\u00f3n, pastoreo excesivo, contaminaci\u00f3n y deforestaci\u00f3n (Reporte Nacional, 2012).<\/p>\n<p>Bajo el lema de la ONU para este a\u00f1o, \u201cLa tierra es nuestro futuro, protej\u00e1mosla del cambio clim\u00e1tico\u201d el MAE pretende concienciar sobre la importancia del cuidado del suelo y sobretodo, incentivar a la b\u00fasqueda de soluciones. Esta vez, el mensaje se enfoca en la implementaci\u00f3n de acciones para la adaptaci\u00f3n de los ecosistemas a los impactos del cambio clim\u00e1tico.<\/p>\n<p><strong>Acciones impulsadas por el MAE:<\/strong><\/p>\n<ul style=\"text-align: justify;\">\n<li>Implementaci\u00f3n del Proyecto de Inversi\u00f3n P\u00fablica Gesti\u00f3n Integrada para la Lucha contra la Desertificaci\u00f3n, Degradaci\u00f3n de la Tierra y Adaptaci\u00f3n al Cambio Clim\u00e1tico\u201d (GIDDACC)<\/li>\n<\/ul>\n<ul style=\"text-align: justify;\">\n<li>Ejecuci\u00f3n del Proyecto Regional Andino de Adaptaci\u00f3n al Cambio Clim\u00e1tico \/ Adaptaci\u00f3n al impacto del retroceso acelerado de glaciares de los Andes tropicales (PRAA)<\/li>\n<\/ul>\n<ul style=\"text-align: justify;\">\n<li>Ejecuci\u00f3n del Proyecto de Adaptaci\u00f3n al Cambio Clim\u00e1tico a trav\u00e9s de una efectiva gobernabilidad del agua en el Ecuador (PACC)<\/li>\n<\/ul>\n<ul style=\"text-align: justify;\">\n<li>Implementaci\u00f3n del proyecto \u201cFortalecimiento de la Resiliencia de las Comunidades frente a los Efectos Adversos del Cambio Clim\u00e1tico con \u00e9nfasis en Seguridad Alimentaria\u201d (FORECCSA)<\/li>\n<\/ul>\n<ul style=\"text-align: justify;\">\n<li>Actualizaci\u00f3n del Plan de Acci\u00f3n Nacional de Desertificaci\u00f3n (PAND) y su alineaci\u00f3n a la Estrategia Decenal de la Convenci\u00f3n de Naciones Unidas para la Lucha contra la Desertificaci\u00f3n (UNCCD)<\/li>\n<\/ul>\n<ul style=\"text-align: justify;\">\n<li>Ejecuci\u00f3n del Proyecto \u201cEvaluaci\u00f3n y Monitoreo de la Degradaci\u00f3n\u00a0 de la tierra para la implementaci\u00f3n de buenas pr\u00e1cticas de manejo sostenible\u00bb (LADA WOCAT)<\/li>\n<\/ul>\n<ul style=\"text-align: justify;\">\n<li>Desarrollo del Proyecto \u201cGanader\u00eda sostenible, integrando la reversi\u00f3n de degradaci\u00f3n de tierras y reducci\u00f3n del riesgo de desertificaci\u00f3n en provincias vulnerables\u201d conjuntamente con el MAGAP y la FAO.<\/li>\n<\/ul>\n<p style=\"text-align: justify;\">El objetivo de estas acciones es contribuir a la lucha contra la desertificaci\u00f3n, los procesos de degradaci\u00f3n de tierra y el fen\u00f3meno de la sequ\u00eda con un enfoque de adaptaci\u00f3n al cambio clim\u00e1tico.<\/p>\n<p>Las provincias consideradas prioritarias para la implementaci\u00f3n del proyecto de DDTS son Pichincha, Cotopaxi, Tungurahua, Chimborazo, Azuay, Loja, El Oro y Manab\u00ed, las cuales presentan altas tasas de degradaci\u00f3n de tierra, principalmente en zonas secas y fr\u00e1giles, tales como el ecosistema bosque seco y\/o regi\u00f3n tumbesina, valles interandinos y zonas secas de altura.<\/p>\n<p style=\"text-align: justify;\">El proyecto contempla cinco componentes o ejes de acci\u00f3n: 1) Procesos de investigaci\u00f3n de las zonas secas, 2) Implementaci\u00f3n de \u00e1reas de conservaci\u00f3n en coordinaci\u00f3n con GAD, 3) Desarrollo de un marco legal institucionalizado, 4) Implementaci\u00f3n de actividades productivas y postproductivas ecol\u00f3gicas y 5) Fortalecimiento de capacidades de gesti\u00f3n de instituciones y ciudadan\u00eda.<\/p>\n<p style=\"text-align: justify;\">Para m\u00e1s informaci\u00f3n, les invitamos a visitar los siguientes links:<\/p>\n<ul style=\"text-align: justify;\">\n<li>Aprendiendo a luchar contra la desertificaci\u00f3n, degradaci\u00f3n de tierras y sequ\u00eda.http:\/\/www.ambienteyenergia.gob.ec\/ambiente\/wp-content\/uploads\/downloads\/2013\/06\/aprendiendo3.pdf<\/li>\n<\/ul>\n<ul style=\"text-align: justify;\">\n<li>Beneficios del manejo sostenible de la tierra. http:\/\/www.ambienteyenergia.gob.ec\/ambiente\/wp-content\/uploads\/downloads\/2013\/06\/BENEFICIOS-MANEJO-NUEVO1.pdf<\/li>\n<\/ul>\n<ul style=\"text-align: justify;\">\n<li>Proyecto de Adaptaci\u00f3n al Cambio Clim\u00e1tico a trav\u00e9s de una efectiva gobernabilidad del Agua (PACC).\u00a0 http:\/\/www.pacc-ecuador.org\/<\/li>\n<\/ul>\n<ul style=\"text-align: justify;\">\n<li>Proyecto Regional Andino de Adaptaci\u00f3n al Cambio Clim\u00e1tico \/ Adaptaci\u00f3n al impacto del retroceso acelerado de\u00a0 glaciares en los andes tropicales. https:\/\/www.youtube.com\/watch?v=wQ3MB7ZvSBg<\/li>\n<\/ul>\n<p><strong><em>Mira el <a href=\" https:\/\/www.youtube.com\/watch?v=c5INSLMJ7AI\">video<\/a><\/em><\/strong><\/p>\n<p>&nbsp;<\/p>\n","protected":false},"excerpt":{"rendered":"<p class=\"excerpt\">Este martes 17 de junio se conmemora el D\u00eda Mundial de Lucha contra la Desertificaci\u00f3n y la Sequ\u00eda.\u00a0 En 1995 la Asamblea General de la Organizaci\u00f3n de las Naciones Unidas (ONU) declar\u00f3 esta fecha con el objetivo de poner en acci\u00f3n, mecanismos para combatir la degradaci\u00f3n de los suelos y sus consecuencias. En este contexto, el Ministerio del Ambiente del&hellip; <a href=\"https:\/\/www.ambienteyenergia.gob.ec\/ambiente\/mae-conmemora-dia-mundial-de-lucha-contra-la-desertificacion-y-la-sequia\/\">Read more &rarr;<\/a><\/p>\n","protected":false},"author":13,"featured_media":20920,"comment_status":"open","ping_status":"open","sticky":false,"template":"","format":"standard","meta":{"footnotes":""},"categories":[16,4],"tags":[],"class_list":["post-20918","post","type-post","status-publish","format-standard","has-post-thumbnail","hentry","category-comunicamos","category-noticias","xfolkentry"],"_links":{"self":[{"href":"https:\/\/www.ambienteyenergia.gob.ec\/ambiente\/wp-json\/wp\/v2\/posts\/20918","targetHints":{"allow":["GET"]}}],"collection":[{"href":"https:\/\/www.ambienteyenergia.gob.ec\/ambiente\/wp-json\/wp\/v2\/posts"}],"about":[{"href":"https:\/\/www.ambienteyenergia.gob.ec\/ambiente\/wp-json\/wp\/v2\/types\/post"}],"author":[{"embeddable":true,"href":"https:\/\/www.ambienteyenergia.gob.ec\/ambiente\/wp-json\/wp\/v2\/users\/13"}],"replies":[{"embeddable":true,"href":"https:\/\/www.ambienteyenergia.gob.ec\/ambiente\/wp-json\/wp\/v2\/comments?post=20918"}],"version-history":[{"count":0,"href":"https:\/\/www.ambienteyenergia.gob.ec\/ambiente\/wp-json\/wp\/v2\/posts\/20918\/revisions"}],"wp:featuredmedia":[{"embeddable":true,"href":"https:\/\/www.ambienteyenergia.gob.ec\/ambiente\/wp-json\/wp\/v2\/media\/20920"}],"wp:attachment":[{"href":"https:\/\/www.ambienteyenergia.gob.ec\/ambiente\/wp-json\/wp\/v2\/media?parent=20918"}],"wp:term":[{"taxonomy":"category","embeddable":true,"href":"https:\/\/www.ambienteyenergia.gob.ec\/ambiente\/wp-json\/wp\/v2\/categories?post=20918"},{"taxonomy":"post_tag","embeddable":true,"href":"https:\/\/www.ambienteyenergia.gob.ec\/ambiente\/wp-json\/wp\/v2\/tags?post=20918"}],"curies":[{"name":"wp","href":"https:\/\/api.w.org\/{rel}","templated":true}]}}