{"id":20909,"date":"2014-06-16T15:25:36","date_gmt":"2014-06-16T20:25:36","guid":{"rendered":"http:\/\/www.ambiente.gob.ec\/?p=20909"},"modified":"2014-06-16T15:29:14","modified_gmt":"2014-06-16T20:29:14","slug":"funcionario-del-mae-se-capacitaron-en-la-utilizacion-de-la-herramienta-gvsig","status":"publish","type":"post","link":"https:\/\/www.ambienteyenergia.gob.ec\/ambiente\/funcionario-del-mae-se-capacitaron-en-la-utilizacion-de-la-herramienta-gvsig\/","title":{"rendered":"Funcionario del MAE se capacitaron en la utilizaci\u00f3n de la herramienta gvSig"},"content":{"rendered":"<p style=\"text-align: justify;\">Entre el 12 y 13 de junio, el Ministerio del Ambiente de Ecuador (MAE), a trav\u00e9s de la Unidad de Patrimonio Natural, de la Direcci\u00f3n Provincial del Ambiente de Imbabura (DPAI),\u00a0 organiz\u00f3 un taller de GIS (Sistema de Informaci\u00f3n Geogr\u00e1fica, por sus siglas en ingl\u00e9s) en el Centro de Interpretaci\u00f3n de la Reserva Ecol\u00f3gica Cotacachi Cayapas (RECC), distrito Cuicocha.<\/p>\n<p style=\"text-align: justify;\">El objetivo de este taller, dirigido a t\u00e9cnicos de la DPAI, responsables distritales, t\u00e9cnicos de los\u00a0 GAD de Urcuqu\u00ed y Cotacachi, y responsables de patrimonio natural del Carchi, fue brindar las herramientas necesarias a los funcionarios participantes, para realizar an\u00e1lisis y estructuraci\u00f3n de mapas en la entrega de informes t\u00e9cnicos.<\/p>\n<p style=\"text-align: justify;\">Este taller fue dictado por Juan Pablo Celem\u00edn, representante del proyecto PROMETEO, quien socializ\u00f3 sobre el funcionamiento de la herramienta gvSig\u00a0 y todos sus aplicativos, con la finalidad de fortalecer los conocimientos en la utilizaci\u00f3n de Software Libre.<\/p>\n<p style=\"text-align: justify;\">Los 30 participantes utilizar\u00e1n esta herramienta en el seguimiento a los planes de aprovechamiento, denuncias, georeferenciaci\u00f3n de impactos ambientales, entre otras actividades de cada una de las dependencias, en el marco del desarrollo sostenible del pa\u00eds.<\/p>\n<p style=\"text-align: justify;\">El MAE busca fortalecer el seguimiento de las denuncias, informes t\u00e9cnicos y monitoreo de la biodiversidad por medio del uso de tecnolog\u00eda libre que contribuya al mejoramiento de la capacidad de gesti\u00f3n de esta Cartera de Estado.<\/p>\n","protected":false},"excerpt":{"rendered":"<p class=\"excerpt\">Entre el 12 y 13 de junio, el Ministerio del Ambiente de Ecuador (MAE), a trav\u00e9s de la Unidad de Patrimonio Natural, de la Direcci\u00f3n Provincial del Ambiente de Imbabura (DPAI),\u00a0 organiz\u00f3 un taller de GIS (Sistema de Informaci\u00f3n Geogr\u00e1fica, por sus siglas en ingl\u00e9s) en el Centro de Interpretaci\u00f3n de la Reserva Ecol\u00f3gica Cotacachi Cayapas (RECC), distrito Cuicocha. El&hellip; <a href=\"https:\/\/www.ambienteyenergia.gob.ec\/ambiente\/funcionario-del-mae-se-capacitaron-en-la-utilizacion-de-la-herramienta-gvsig\/\">Read more &rarr;<\/a><\/p>\n","protected":false},"author":13,"featured_media":20910,"comment_status":"open","ping_status":"open","sticky":false,"template":"","format":"standard","meta":{"footnotes":""},"categories":[16,4],"tags":[],"class_list":["post-20909","post","type-post","status-publish","format-standard","has-post-thumbnail","hentry","category-comunicamos","category-noticias","xfolkentry"],"_links":{"self":[{"href":"https:\/\/www.ambienteyenergia.gob.ec\/ambiente\/wp-json\/wp\/v2\/posts\/20909","targetHints":{"allow":["GET"]}}],"collection":[{"href":"https:\/\/www.ambienteyenergia.gob.ec\/ambiente\/wp-json\/wp\/v2\/posts"}],"about":[{"href":"https:\/\/www.ambienteyenergia.gob.ec\/ambiente\/wp-json\/wp\/v2\/types\/post"}],"author":[{"embeddable":true,"href":"https:\/\/www.ambienteyenergia.gob.ec\/ambiente\/wp-json\/wp\/v2\/users\/13"}],"replies":[{"embeddable":true,"href":"https:\/\/www.ambienteyenergia.gob.ec\/ambiente\/wp-json\/wp\/v2\/comments?post=20909"}],"version-history":[{"count":0,"href":"https:\/\/www.ambienteyenergia.gob.ec\/ambiente\/wp-json\/wp\/v2\/posts\/20909\/revisions"}],"wp:featuredmedia":[{"embeddable":true,"href":"https:\/\/www.ambienteyenergia.gob.ec\/ambiente\/wp-json\/wp\/v2\/media\/20910"}],"wp:attachment":[{"href":"https:\/\/www.ambienteyenergia.gob.ec\/ambiente\/wp-json\/wp\/v2\/media?parent=20909"}],"wp:term":[{"taxonomy":"category","embeddable":true,"href":"https:\/\/www.ambienteyenergia.gob.ec\/ambiente\/wp-json\/wp\/v2\/categories?post=20909"},{"taxonomy":"post_tag","embeddable":true,"href":"https:\/\/www.ambienteyenergia.gob.ec\/ambiente\/wp-json\/wp\/v2\/tags?post=20909"}],"curies":[{"name":"wp","href":"https:\/\/api.w.org\/{rel}","templated":true}]}}