{"id":20906,"date":"2014-06-16T15:06:08","date_gmt":"2014-06-16T20:06:08","guid":{"rendered":"http:\/\/www.ambiente.gob.ec\/?p=20906"},"modified":"2014-06-16T20:05:46","modified_gmt":"2014-06-17T01:05:46","slug":"mae-promueve-el-cuidado-ambiental-entre-los-visitantes-de-isla-santay","status":"publish","type":"post","link":"https:\/\/www.ambienteyenergia.gob.ec\/ambiente\/mae-promueve-el-cuidado-ambiental-entre-los-visitantes-de-isla-santay\/","title":{"rendered":"MAE  promueve el cuidado ambiental entre los visitantes de Isla Santay"},"content":{"rendered":"<p style=\"text-align: justify;\">El Ministerio del Ambiente (MAE), a trav\u00e9s de la Subsecretar\u00eda de Gesti\u00f3n Marina Costera, promueve acciones en pro del cuidado ambiental entre los turistas que visitan el \u00c1rea Nacional de Recreaci\u00f3n Isla Santay, con el fin de precautelar y conservar los recursos naturales que brinda a la poblaci\u00f3n.<\/p>\n<p>En la segunda semana de apertura del puente peatonal y ciclov\u00eda Guayaquil \u2013 Santay, se reflejan cambios\u00a0 positivos. La afluencia de gente se ha normalizado y los horarios de ingreso y cierre de la Isla son conocidos y respetados por todos los turistas, lo que ha facilitado el control y manejo del \u00e1rea protegida.<\/p>\n<p>Para la seguridad de todos los usuarios, miembros de la Polic\u00eda Nacional del Ecuador, patrullan la zona las 24 horas del d\u00eda, asimismo, funcionarios del MAE realizan recorridos, vigilando que no exista incomodidad y recordando a la ciudadan\u00eda sobre el cuidado de este importante ecosistema. Alrededor de 28 guardaparques se han sumado a la protecci\u00f3n del \u00e1rea.<\/p>\n<p>Para controlar el n\u00famero de visitantes, al inicio del puente se encuentra una valla de seguridad que permite la entrada paulatina de la ciudadan\u00eda, que luego de ingresar debe registrarse en un sistema electr\u00f3nico en los stands informativos del MAE. Tambi\u00e9n, se instalaron paredes informativas en las que se exponen las normas que se deben cumplir tanto en el puente como en la Ecoaldea.<\/p>\n<p>Como parte de este proceso de educaci\u00f3n ambiental, los d\u00edas s\u00e1bados y domingos, el grupo de teatro \u201cLos Comediantes\u201d, ense\u00f1an toda la riqueza que esta isla proporciona y los cuidados necesarios que se deben tener para conservar este espacio de turismo ecol\u00f3gico. \u201cNo arrojar basura en los senderos y evitar dar de comer a los cocodrilos son parte de las acciones que deben tomar en cuenta. Aprendamos a amar y cuidar nuestra naturaleza\u201d, aconsejan los actores a los ni\u00f1os que participan en la din\u00e1mica.<\/p>\n<p>Al inicio del recorrido desde Guayaquil a la Ista Santay y en la explanada se ubican cuatro puntos de hidrataci\u00f3n y tres de bater\u00edas sanitarias, que son aseados constantemente. En las carpas de hidrataci\u00f3n, del mismo modo, se comunica a la ciudadan\u00eda los beneficios que existen en reciclar. \u201cRecuerden que las botellas pl\u00e1sticas deben ser arrojadas en un tacho de reciclaje, por ejemplo al inicio de la Ecoaldea hay uno, en el que pueden depositar este material para ayudar al ambiente\u201d, manifest\u00f3 Fernando Molestina, propietario de uno de los puestos.<\/p>\n<p>El MAE como principal rector ambiental del pa\u00eds estar\u00e1 vigilante de que \u00e9sta \u00e1rea protegida se mantenga conservada y limpia, con el fin de que los guayaquile\u00f1os y todos los ecuatorianos puedan disfrutar de este espacio natural destinado al turismo sostenible.<\/p>\n","protected":false},"excerpt":{"rendered":"<p class=\"excerpt\">El Ministerio del Ambiente (MAE), a trav\u00e9s de la Subsecretar\u00eda de Gesti\u00f3n Marina Costera, promueve acciones en pro del cuidado ambiental entre los turistas que visitan el \u00c1rea Nacional de Recreaci\u00f3n Isla Santay, con el fin de precautelar y conservar los recursos naturales que brinda a la poblaci\u00f3n. En la segunda semana de apertura del puente peatonal y ciclov\u00eda Guayaquil&hellip; <a href=\"https:\/\/www.ambienteyenergia.gob.ec\/ambiente\/mae-promueve-el-cuidado-ambiental-entre-los-visitantes-de-isla-santay\/\">Read more &rarr;<\/a><\/p>\n","protected":false},"author":13,"featured_media":20907,"comment_status":"open","ping_status":"open","sticky":false,"template":"","format":"standard","meta":{"footnotes":""},"categories":[16,4],"tags":[],"class_list":["post-20906","post","type-post","status-publish","format-standard","has-post-thumbnail","hentry","category-comunicamos","category-noticias","xfolkentry"],"_links":{"self":[{"href":"https:\/\/www.ambienteyenergia.gob.ec\/ambiente\/wp-json\/wp\/v2\/posts\/20906","targetHints":{"allow":["GET"]}}],"collection":[{"href":"https:\/\/www.ambienteyenergia.gob.ec\/ambiente\/wp-json\/wp\/v2\/posts"}],"about":[{"href":"https:\/\/www.ambienteyenergia.gob.ec\/ambiente\/wp-json\/wp\/v2\/types\/post"}],"author":[{"embeddable":true,"href":"https:\/\/www.ambienteyenergia.gob.ec\/ambiente\/wp-json\/wp\/v2\/users\/13"}],"replies":[{"embeddable":true,"href":"https:\/\/www.ambienteyenergia.gob.ec\/ambiente\/wp-json\/wp\/v2\/comments?post=20906"}],"version-history":[{"count":0,"href":"https:\/\/www.ambienteyenergia.gob.ec\/ambiente\/wp-json\/wp\/v2\/posts\/20906\/revisions"}],"wp:featuredmedia":[{"embeddable":true,"href":"https:\/\/www.ambienteyenergia.gob.ec\/ambiente\/wp-json\/wp\/v2\/media\/20907"}],"wp:attachment":[{"href":"https:\/\/www.ambienteyenergia.gob.ec\/ambiente\/wp-json\/wp\/v2\/media?parent=20906"}],"wp:term":[{"taxonomy":"category","embeddable":true,"href":"https:\/\/www.ambienteyenergia.gob.ec\/ambiente\/wp-json\/wp\/v2\/categories?post=20906"},{"taxonomy":"post_tag","embeddable":true,"href":"https:\/\/www.ambienteyenergia.gob.ec\/ambiente\/wp-json\/wp\/v2\/tags?post=20906"}],"curies":[{"name":"wp","href":"https:\/\/api.w.org\/{rel}","templated":true}]}}