{"id":20903,"date":"2014-06-16T14:55:18","date_gmt":"2014-06-16T19:55:18","guid":{"rendered":"http:\/\/www.ambiente.gob.ec\/?p=20903"},"modified":"2014-06-16T20:12:21","modified_gmt":"2014-06-17T01:12:21","slug":"mae-inicia-estudio-poblacional-de-la-vicuna-2014-en-la-reserva-chimborazo","status":"publish","type":"post","link":"https:\/\/www.ambienteyenergia.gob.ec\/ambiente\/mae-inicia-estudio-poblacional-de-la-vicuna-2014-en-la-reserva-chimborazo\/","title":{"rendered":"MAE inicia estudio poblacional de la Vicu\u00f1a 2014 en la Reserva Chimborazo"},"content":{"rendered":"<p style=\"text-align: justify;\">El Ministerio de Ambiente del Ecuador (MAE) inicia hoy, el Estudio Poblacional de la Vicu\u00f1a 2014 en la Reserva de Producci\u00f3n de Fauna Chimborazo, con la finalidad de determinar el estado y n\u00famero total de cam\u00e9lidos en el \u00e1rea protegida. Esta investigaci\u00f3n se desarrollar\u00e1 del 16 de junio al 11 de julio del presente a\u00f1o.<\/p>\n<p style=\"text-align: justify;\">El\u00a0 21\u00a0 de abril de 1982, el\u00a0 Gobierno del\u00a0 Ecuador\u00a0 ratific\u00f3\u00a0 el Convenio para la\u00a0 Conservaci\u00f3n y Manejo de la\u00a0 Vicu\u00f1a <i>(Vicugna vicugna)<\/i>, en el cual se reconoce que la conservaci\u00f3n de la especie constituye una alternativa de producci\u00f3n econ\u00f3mica en beneficio del poblador andino, y se\u00a0 compromete\u00a0 a\u00a0 su\u00a0 aprovechamiento\u00a0 gradual\u00a0 bajo\u00a0 el estricto\u00a0 control\u00a0 del\u00a0 Estado. En 1984, el pa\u00eds inicio la reintroducci\u00f3n de cam\u00e9lidos sudamericanos en la Reserva de Producci\u00f3n de Fauna Chimborazo, la misma que cuenta con las aptitudes de ecosistemas de p\u00e1ramo y par\u00e1metros ecol\u00f3gicos efectivos para el desarrollo de los cam\u00e9lidos. La vicu\u00f1a es la especie m\u00e1s peque\u00f1a de los cuatro cam\u00e9lidos sudamericanos y habita en las llanuras de los altos andes, desde\u00a0 el\u00a0 Ecuador hasta\u00a0 el\u00a0 norte\u00a0 de\u00a0 Chile\u00a0 y\u00a0 Argentina.<\/p>\n<p style=\"text-align: justify;\">Una de la estrategias para la protecci\u00f3n de esta especie, fue la elaboraci\u00f3n\u00a0 del\u00a0 Plan\u00a0 de\u00a0 Acci\u00f3n\u00a0 Nacional\u00a0 para\u00a0 la Conservaci\u00f3n\u00a0 y\u00a0 Manejo\u00a0 de\u00a0 la\u00a0 Vicu\u00f1a\u00a0 en\u00a0 el\u00a0 Ecuador, que fue aprobado el 1\u00a0 de\u00a0 diciembre\u00a0 del\u00a0 2010 por la Direcci\u00f3n Nacional de Biodiversidad, convirti\u00e9ndose en responsable de su ejecuci\u00f3n en coordinaci\u00f3n con la\u00a0 Direcci\u00f3n Provincial de Ambiente de Chimborazo.<\/p>\n<p style=\"text-align: justify;\">En este contexto y dando cumplimiento al Plan de Acci\u00f3n Nacional para la Conservaci\u00f3n y Manejo de la Vicu\u00f1a, el MAE trabajar\u00e1 durante 26 d\u00edas, distribuidos en 23 sitios que se subdividen a la vez, en 69 sectores y abarcan las\u00a0 provincias de Chimborazo, Tungurahua y Bol\u00edvar.<\/p>\n<p style=\"text-align: justify;\">Adem\u00e1s de t\u00e9cnicos de esta Cartera de Estado, se contar\u00e1 con la participaci\u00f3n activa de 13 l\u00edderes comunitarios para efectuar las labores de campo y con el apoyo de docentes investigadores de la Escuela Superior Polit\u00e9cnica de Chimborazo (ESPOCH) para el an\u00e1lisis de los resultados que se obtengan en el estudio poblacional.<\/p>\n<p style=\"text-align: justify;\">La metodolog\u00eda de dicho estudio ser\u00e1 la aplicaci\u00f3n del censo directo y total, se basar\u00e1 en la costumbre territorial de la vicu\u00f1a, en la organizaci\u00f3n social peculiar de esta especie y sus categor\u00edas sexo, clase y edad. El trabajo ser\u00e1 enteramente diurno, aprovechando las horas de actividad de los animales y siguiendo trayectos de alta visibilidad y cobertura en el terreno. De la misma forma, se realizar\u00e1 un an\u00e1lisis descriptivo del incremento poblacional del Censo 2012 &#8211; 2014 y las condiciones ecol\u00f3gicas del h\u00e1bitat en el que se desarrollan estos mam\u00edferos.<\/p>\n<p style=\"text-align: justify;\">Los resultados del Estudio Poblacional de la Vicu\u00f1a 2014 con sus respectivos par\u00e1metros ecol\u00f3gicos del h\u00e1bitat, permitir\u00e1n estructurar el Informe Pa\u00eds, que ser\u00e1 presentado en la XXXI Reuni\u00f3n Ordinaria y la XVII Reuni\u00f3n T\u00e9cnica del Convenio de la Vicu\u00f1a a realizarse del 23 al 26 de julio del presente a\u00f1o en la ciudad de La Paz, Bolivia.<\/p>\n","protected":false},"excerpt":{"rendered":"<p class=\"excerpt\">El Ministerio de Ambiente del Ecuador (MAE) inicia hoy, el Estudio Poblacional de la Vicu\u00f1a 2014 en la Reserva de Producci\u00f3n de Fauna Chimborazo, con la finalidad de determinar el estado y n\u00famero total de cam\u00e9lidos en el \u00e1rea protegida. Esta investigaci\u00f3n se desarrollar\u00e1 del 16 de junio al 11 de julio del presente a\u00f1o. El\u00a0 21\u00a0 de abril de&hellip; <a href=\"https:\/\/www.ambienteyenergia.gob.ec\/ambiente\/mae-inicia-estudio-poblacional-de-la-vicuna-2014-en-la-reserva-chimborazo\/\">Read more &rarr;<\/a><\/p>\n","protected":false},"author":13,"featured_media":20904,"comment_status":"open","ping_status":"open","sticky":false,"template":"","format":"standard","meta":{"footnotes":""},"categories":[16,4],"tags":[],"class_list":["post-20903","post","type-post","status-publish","format-standard","has-post-thumbnail","hentry","category-comunicamos","category-noticias","xfolkentry"],"_links":{"self":[{"href":"https:\/\/www.ambienteyenergia.gob.ec\/ambiente\/wp-json\/wp\/v2\/posts\/20903","targetHints":{"allow":["GET"]}}],"collection":[{"href":"https:\/\/www.ambienteyenergia.gob.ec\/ambiente\/wp-json\/wp\/v2\/posts"}],"about":[{"href":"https:\/\/www.ambienteyenergia.gob.ec\/ambiente\/wp-json\/wp\/v2\/types\/post"}],"author":[{"embeddable":true,"href":"https:\/\/www.ambienteyenergia.gob.ec\/ambiente\/wp-json\/wp\/v2\/users\/13"}],"replies":[{"embeddable":true,"href":"https:\/\/www.ambienteyenergia.gob.ec\/ambiente\/wp-json\/wp\/v2\/comments?post=20903"}],"version-history":[{"count":0,"href":"https:\/\/www.ambienteyenergia.gob.ec\/ambiente\/wp-json\/wp\/v2\/posts\/20903\/revisions"}],"wp:featuredmedia":[{"embeddable":true,"href":"https:\/\/www.ambienteyenergia.gob.ec\/ambiente\/wp-json\/wp\/v2\/media\/20904"}],"wp:attachment":[{"href":"https:\/\/www.ambienteyenergia.gob.ec\/ambiente\/wp-json\/wp\/v2\/media?parent=20903"}],"wp:term":[{"taxonomy":"category","embeddable":true,"href":"https:\/\/www.ambienteyenergia.gob.ec\/ambiente\/wp-json\/wp\/v2\/categories?post=20903"},{"taxonomy":"post_tag","embeddable":true,"href":"https:\/\/www.ambienteyenergia.gob.ec\/ambiente\/wp-json\/wp\/v2\/tags?post=20903"}],"curies":[{"name":"wp","href":"https:\/\/api.w.org\/{rel}","templated":true}]}}