{"id":20894,"date":"2014-06-16T10:58:04","date_gmt":"2014-06-16T15:58:04","guid":{"rendered":"http:\/\/www.ambiente.gob.ec\/?p=20894"},"modified":"2014-06-16T10:58:24","modified_gmt":"2014-06-16T15:58:24","slug":"mae-participa-en-taller-de-educacion-ambiental-en-escuelas-de-imbabura","status":"publish","type":"post","link":"https:\/\/www.ambienteyenergia.gob.ec\/ambiente\/mae-participa-en-taller-de-educacion-ambiental-en-escuelas-de-imbabura\/","title":{"rendered":"MAE participa en taller de educaci\u00f3n ambiental en escuelas de Imbabura"},"content":{"rendered":"<p style=\"text-align: justify;\">El Ministerio del Ambiente, a trav\u00e9s de la Direcci\u00f3n Provincial del Ambiente de Imbabura, con el af\u00e1n de vinculara a los ni\u00f1os en temas de conservaci\u00f3n, cuidado y conciencia ambienta desarrolla diferentes actividades en las diferentes escuelas de la provincia.<\/p>\n<p style=\"text-align: justify;\">Entre el 12 y 13 de junio en la provincia de Imbabura, se llev\u00f3 a cabo un taller sobre temas ambientales, dirigido a los estudiante de las Unidades Educativas Alfonso Cadena Morcillo y Eloy Alfaro de la comunidad de Cochapata, del cant\u00f3n Urcuqu\u00ed.<\/p>\n<p style=\"text-align: justify;\">Durante las jornadas de socializaci\u00f3n, a cargo de los t\u00e9cnicos de la Reserva Ecol\u00f3gica Cotacachi Cayapas (RECC) del distrito Pi\u00f1\u00e1n, se trataron temas\u00a0 sobre manejo de desechos s\u00f3lidos, correcta disposici\u00f3n final de residuos, agua y ambiente.<\/p>\n<p style=\"text-align: justify;\">Con la participaci\u00f3n de estudiantes y profesores se incluy\u00f3, durante los talleres, perfiles educativos ambientales, videos y reflexiones sobre el futuro de nuestro patrimonio natural, que con el apoyo de todos ser\u00e1 un patrimonio m\u00e1s verde.<\/p>\n","protected":false},"excerpt":{"rendered":"<p class=\"excerpt\">El Ministerio del Ambiente, a trav\u00e9s de la Direcci\u00f3n Provincial del Ambiente de Imbabura, con el af\u00e1n de vinculara a los ni\u00f1os en temas de conservaci\u00f3n, cuidado y conciencia ambienta desarrolla diferentes actividades en las diferentes escuelas de la provincia. Entre el 12 y 13 de junio en la provincia de Imbabura, se llev\u00f3 a cabo un taller sobre temas&hellip; <a href=\"https:\/\/www.ambienteyenergia.gob.ec\/ambiente\/mae-participa-en-taller-de-educacion-ambiental-en-escuelas-de-imbabura\/\">Read more &rarr;<\/a><\/p>\n","protected":false},"author":13,"featured_media":20895,"comment_status":"open","ping_status":"open","sticky":false,"template":"","format":"standard","meta":{"footnotes":""},"categories":[16,4],"tags":[],"class_list":["post-20894","post","type-post","status-publish","format-standard","has-post-thumbnail","hentry","category-comunicamos","category-noticias","xfolkentry"],"_links":{"self":[{"href":"https:\/\/www.ambienteyenergia.gob.ec\/ambiente\/wp-json\/wp\/v2\/posts\/20894","targetHints":{"allow":["GET"]}}],"collection":[{"href":"https:\/\/www.ambienteyenergia.gob.ec\/ambiente\/wp-json\/wp\/v2\/posts"}],"about":[{"href":"https:\/\/www.ambienteyenergia.gob.ec\/ambiente\/wp-json\/wp\/v2\/types\/post"}],"author":[{"embeddable":true,"href":"https:\/\/www.ambienteyenergia.gob.ec\/ambiente\/wp-json\/wp\/v2\/users\/13"}],"replies":[{"embeddable":true,"href":"https:\/\/www.ambienteyenergia.gob.ec\/ambiente\/wp-json\/wp\/v2\/comments?post=20894"}],"version-history":[{"count":0,"href":"https:\/\/www.ambienteyenergia.gob.ec\/ambiente\/wp-json\/wp\/v2\/posts\/20894\/revisions"}],"wp:featuredmedia":[{"embeddable":true,"href":"https:\/\/www.ambienteyenergia.gob.ec\/ambiente\/wp-json\/wp\/v2\/media\/20895"}],"wp:attachment":[{"href":"https:\/\/www.ambienteyenergia.gob.ec\/ambiente\/wp-json\/wp\/v2\/media?parent=20894"}],"wp:term":[{"taxonomy":"category","embeddable":true,"href":"https:\/\/www.ambienteyenergia.gob.ec\/ambiente\/wp-json\/wp\/v2\/categories?post=20894"},{"taxonomy":"post_tag","embeddable":true,"href":"https:\/\/www.ambienteyenergia.gob.ec\/ambiente\/wp-json\/wp\/v2\/tags?post=20894"}],"curies":[{"name":"wp","href":"https:\/\/api.w.org\/{rel}","templated":true}]}}