{"id":20891,"date":"2014-06-16T10:53:28","date_gmt":"2014-06-16T15:53:28","guid":{"rendered":"http:\/\/www.ambiente.gob.ec\/?p=20891"},"modified":"2014-07-07T13:16:16","modified_gmt":"2014-07-07T18:16:16","slug":"mae-participo-en-el-viii-taller-de-la-estrategia-nacional-de-biodiversidad-en-tungurahua","status":"publish","type":"post","link":"https:\/\/www.ambienteyenergia.gob.ec\/ambiente\/mae-participo-en-el-viii-taller-de-la-estrategia-nacional-de-biodiversidad-en-tungurahua\/","title":{"rendered":"MAE particip\u00f3 en el VIII Taller de la Estrategia Nacional de Biodiversidad en Tungurahua"},"content":{"rendered":"<p style=\"text-align: justify;\">Con la participaci\u00f3n de estudiantes, representantes de instituciones p\u00fablicas y\u00a0 actores locales de la provincia de Tungurahua, se desarroll\u00f3 el VIII Taller de la Estrategia Nacional de Biodiversidad, impulsado por el Ministerio del Ambiente de Ecuador (MAE), en el Facultad de Ingenier\u00eda Agron\u00f3mica de la Universidad T\u00e9cnica de Ambato.<\/p>\n<p style=\"text-align: justify;\">Este taller cont\u00f3 con la intervenci\u00f3n de Washington Pruna, delegado de SENPLADES, quien realiz\u00f3 su presentaci\u00f3n sobre la visi\u00f3n del territorio en la zona de planificaci\u00f3n. Por su parte, el MAE expuso el tema de la biodiversidad como recurso estrat\u00e9gico para el desarrollo territorial.<\/p>\n<p style=\"text-align: justify;\">Durante esta jornada de trabajo, los asistentes realizaron trabajos encaminados al an\u00e1lisis de cuatro ejes tem\u00e1ticos como: Informaci\u00f3n, sensibilizaci\u00f3n y gesti\u00f3n del conocimiento sobre la biodiversidad; valoraci\u00f3n y uso sostenible de la biodiversidad; protecci\u00f3n y restauraci\u00f3n de la biodiversidad, e institucionalidad para la gesti\u00f3n\u00a0 de la biodiversidad.<\/p>\n<p style=\"text-align: justify;\">Esta estrategia nacional busca fortalecer el reconocimiento del car\u00e1cter estrat\u00e9gico de la biodiversidad, a trav\u00e9s de un desarrollo conceptual, metodol\u00f3gico y estrat\u00e9gico basado en las orientaciones del Convenio sobre la\u00a0 Diversidad Biol\u00f3gica, las pol\u00edticas nacionales en el marco de los alineamientos espec\u00edficos del cambio de la matriz productiva y la erradicaci\u00f3n de la pobreza.<\/p>\n<p style=\"text-align: justify;\">En este contexto, la participaci\u00f3n de los actores locales es importante para el trabajo dentro del Plan de Acci\u00f3n que vincula la realidad territorial local para su articulaci\u00f3n en el Marco Nacional de Planificaci\u00f3n.<\/p>\n","protected":false},"excerpt":{"rendered":"<p class=\"excerpt\">Con la participaci\u00f3n de estudiantes, representantes de instituciones p\u00fablicas y\u00a0 actores locales de la provincia de Tungurahua, se desarroll\u00f3 el VIII Taller de la Estrategia Nacional de Biodiversidad, impulsado por el Ministerio del Ambiente de Ecuador (MAE), en el Facultad de Ingenier\u00eda Agron\u00f3mica de la Universidad T\u00e9cnica de Ambato. Este taller cont\u00f3 con la intervenci\u00f3n de Washington Pruna, delegado de&hellip; <a href=\"https:\/\/www.ambienteyenergia.gob.ec\/ambiente\/mae-participo-en-el-viii-taller-de-la-estrategia-nacional-de-biodiversidad-en-tungurahua\/\">Read more &rarr;<\/a><\/p>\n","protected":false},"author":13,"featured_media":20892,"comment_status":"open","ping_status":"open","sticky":false,"template":"","format":"standard","meta":{"footnotes":""},"categories":[16,4],"tags":[],"class_list":["post-20891","post","type-post","status-publish","format-standard","has-post-thumbnail","hentry","category-comunicamos","category-noticias","xfolkentry"],"_links":{"self":[{"href":"https:\/\/www.ambienteyenergia.gob.ec\/ambiente\/wp-json\/wp\/v2\/posts\/20891","targetHints":{"allow":["GET"]}}],"collection":[{"href":"https:\/\/www.ambienteyenergia.gob.ec\/ambiente\/wp-json\/wp\/v2\/posts"}],"about":[{"href":"https:\/\/www.ambienteyenergia.gob.ec\/ambiente\/wp-json\/wp\/v2\/types\/post"}],"author":[{"embeddable":true,"href":"https:\/\/www.ambienteyenergia.gob.ec\/ambiente\/wp-json\/wp\/v2\/users\/13"}],"replies":[{"embeddable":true,"href":"https:\/\/www.ambienteyenergia.gob.ec\/ambiente\/wp-json\/wp\/v2\/comments?post=20891"}],"version-history":[{"count":0,"href":"https:\/\/www.ambienteyenergia.gob.ec\/ambiente\/wp-json\/wp\/v2\/posts\/20891\/revisions"}],"wp:featuredmedia":[{"embeddable":true,"href":"https:\/\/www.ambienteyenergia.gob.ec\/ambiente\/wp-json\/wp\/v2\/media\/20892"}],"wp:attachment":[{"href":"https:\/\/www.ambienteyenergia.gob.ec\/ambiente\/wp-json\/wp\/v2\/media?parent=20891"}],"wp:term":[{"taxonomy":"category","embeddable":true,"href":"https:\/\/www.ambienteyenergia.gob.ec\/ambiente\/wp-json\/wp\/v2\/categories?post=20891"},{"taxonomy":"post_tag","embeddable":true,"href":"https:\/\/www.ambienteyenergia.gob.ec\/ambiente\/wp-json\/wp\/v2\/tags?post=20891"}],"curies":[{"name":"wp","href":"https:\/\/api.w.org\/{rel}","templated":true}]}}