{"id":20884,"date":"2014-06-16T09:19:44","date_gmt":"2014-06-16T14:19:44","guid":{"rendered":"http:\/\/www.ambiente.gob.ec\/?p=20884"},"modified":"2014-06-16T09:19:44","modified_gmt":"2014-06-16T14:19:44","slug":"pinguino-joven-es-liberado-de-forma-satisfactoria-en-el-refugio-de-vida-silvestre-isla-santa-clara","status":"publish","type":"post","link":"https:\/\/www.ambienteyenergia.gob.ec\/ambiente\/pinguino-joven-es-liberado-de-forma-satisfactoria-en-el-refugio-de-vida-silvestre-isla-santa-clara\/","title":{"rendered":"Ping\u00fcino joven es liberado de forma satisfactoria en el  Refugio de Vida Silvestre Isla Santa Clara"},"content":{"rendered":"<p style=\"text-align: justify;\">El Ministerio del Ambiente (MAE) despliega en la Provincia de El Oro, m\u00faltiples eventos de educaci\u00f3n ambiental, trabajo comunitario y actividades de vinculaci\u00f3n social con la finalidad de educar a la poblaci\u00f3n en la responsabilidad del cuidado de nuestro planeta.<\/p>\n<p style=\"text-align: justify;\">Es por tal motivo que la Direcci\u00f3n Provincial del Ambiente de El Oro, en coordinaci\u00f3n con la\u00a0 Direcci\u00f3n Provincial Guayas, recibi\u00f3 un Ping\u00fcino juvenil encontrado por pescadores en el cant\u00f3n Balao, provincia Guayas, quienes lo entregaron de forma voluntaria a la autoridad ambiental provincial para sus respectivas valoraciones m\u00e9dicas.<\/p>\n<p style=\"text-align: justify;\">Luego de las revisiones veterinarias necesarias, por parte de funcionarios de la Unidad de Visa Silvestre de la provincia de El Oro y Guayas, se comprob\u00f3 que su salud no presentaba problemas. De inmediato, el personal t\u00e9cnico de esta Cartera de Estado procedi\u00f3 a liberarlo en la provincia de El Oro cerca del Refugio de Vida Silvestre Isla Santa Clara, en el cant\u00f3n Santa Rosa.<\/p>\n<p style=\"text-align: justify;\">\nEl MAE, como principal autoridad ambiental del pa\u00eds, solicita a la poblaci\u00f3n que posea animales de vida silvestre en cautiverio, los entregue de manera voluntaria o si conoce de alg\u00fan caso de tenencia ilegal de especies realice su denuncia en la Direcci\u00f3n Provincial del Ambiente de El Oro, al tel\u00e9fono 2934596, extensi\u00f3n 15 o a trav\u00e9s del sitio web: http:\/\/mesadeayuda.ambiente.gob.ec<\/p>\n","protected":false},"excerpt":{"rendered":"<p class=\"excerpt\">El Ministerio del Ambiente (MAE) despliega en la Provincia de El Oro, m\u00faltiples eventos de educaci\u00f3n ambiental, trabajo comunitario y actividades de vinculaci\u00f3n social con la finalidad de educar a la poblaci\u00f3n en la responsabilidad del cuidado de nuestro planeta. Es por tal motivo que la Direcci\u00f3n Provincial del Ambiente de El Oro, en coordinaci\u00f3n con la\u00a0 Direcci\u00f3n Provincial Guayas,&hellip; <a href=\"https:\/\/www.ambienteyenergia.gob.ec\/ambiente\/pinguino-joven-es-liberado-de-forma-satisfactoria-en-el-refugio-de-vida-silvestre-isla-santa-clara\/\">Read more &rarr;<\/a><\/p>\n","protected":false},"author":13,"featured_media":20885,"comment_status":"open","ping_status":"open","sticky":false,"template":"","format":"standard","meta":{"footnotes":""},"categories":[16,4],"tags":[],"class_list":["post-20884","post","type-post","status-publish","format-standard","has-post-thumbnail","hentry","category-comunicamos","category-noticias","xfolkentry"],"_links":{"self":[{"href":"https:\/\/www.ambienteyenergia.gob.ec\/ambiente\/wp-json\/wp\/v2\/posts\/20884","targetHints":{"allow":["GET"]}}],"collection":[{"href":"https:\/\/www.ambienteyenergia.gob.ec\/ambiente\/wp-json\/wp\/v2\/posts"}],"about":[{"href":"https:\/\/www.ambienteyenergia.gob.ec\/ambiente\/wp-json\/wp\/v2\/types\/post"}],"author":[{"embeddable":true,"href":"https:\/\/www.ambienteyenergia.gob.ec\/ambiente\/wp-json\/wp\/v2\/users\/13"}],"replies":[{"embeddable":true,"href":"https:\/\/www.ambienteyenergia.gob.ec\/ambiente\/wp-json\/wp\/v2\/comments?post=20884"}],"version-history":[{"count":0,"href":"https:\/\/www.ambienteyenergia.gob.ec\/ambiente\/wp-json\/wp\/v2\/posts\/20884\/revisions"}],"wp:featuredmedia":[{"embeddable":true,"href":"https:\/\/www.ambienteyenergia.gob.ec\/ambiente\/wp-json\/wp\/v2\/media\/20885"}],"wp:attachment":[{"href":"https:\/\/www.ambienteyenergia.gob.ec\/ambiente\/wp-json\/wp\/v2\/media?parent=20884"}],"wp:term":[{"taxonomy":"category","embeddable":true,"href":"https:\/\/www.ambienteyenergia.gob.ec\/ambiente\/wp-json\/wp\/v2\/categories?post=20884"},{"taxonomy":"post_tag","embeddable":true,"href":"https:\/\/www.ambienteyenergia.gob.ec\/ambiente\/wp-json\/wp\/v2\/tags?post=20884"}],"curies":[{"name":"wp","href":"https:\/\/api.w.org\/{rel}","templated":true}]}}